{"id":43093,"date":"2019-01-29T10:19:40","date_gmt":"2019-01-29T12:19:40","guid":{"rendered":"http:\/\/www.portalmantena.com.br\/novo\/?p=43093"},"modified":"2019-01-30T07:49:33","modified_gmt":"2019-01-30T09:49:33","slug":"motociclista-fira-ferido-em-acidente-envolvendo-duas-motos","status":"publish","type":"post","link":"http:\/\/www.portalmantena.com.br\/novo\/?p=43093","title":{"rendered":"Motociclista fica ferido em acidente envolvendo duas motos"},"content":{"rendered":"<p><a href=\"http:\/\/www.portalmantena.com.br\/novo\/wp-content\/uploads\/2019\/01\/no290119aci2.jpg\"><img loading=\"lazy\" class=\"alignnone size-full wp-image-43095\" src=\"http:\/\/www.portalmantena.com.br\/novo\/wp-content\/uploads\/2019\/01\/no290119aci2.jpg\" alt=\"\" width=\"700\" height=\"450\" srcset=\"http:\/\/www.portalmantena.com.br\/novo\/wp-content\/uploads\/2019\/01\/no290119aci2.jpg 700w, http:\/\/www.portalmantena.com.br\/novo\/wp-content\/uploads\/2019\/01\/no290119aci2-300x193.jpg 300w, http:\/\/www.portalmantena.com.br\/novo\/wp-content\/uploads\/2019\/01\/no290119aci2-696x447.jpg 696w, http:\/\/www.portalmantena.com.br\/novo\/wp-content\/uploads\/2019\/01\/no290119aci2-653x420.jpg 653w\" sizes=\"(max-width: 700px) 100vw, 700px\" \/><\/a><\/p>\n<p><span style=\"font-size: 14pt;\">Os acidentes de tr\u00e2nsito envolvendo motos seguem se tornando corriqueiros no tr\u00e2nsito de Mantena, e alguns deles envolvem impacto entre v\u00e1rias motos. <\/span><\/p>\n<p><span style=\"font-size: 14pt;\">Foi o que aconteceu no in\u00edcio da noite desta segunda-feira (28), no cruzamento das ruas Minas Gerais com Eliane Melado no bairro Santo Ant\u00f4nio. <\/span><\/p>\n<p><span style=\"font-size: 14pt;\">De acordo com informa\u00e7\u00f5es, o condutor de uma moto Honda Twister seguia pela rua Minas Gerais quando no cruzamento sofreu o impacto de uma moto Honda Bros que seguia pela rua Eliane Melado. Pedestres que viram de perto o resultado do acidente, narraram para a reda\u00e7\u00e3o do portalmantena que a pancada foi forte, e que chegou a quebrar o motor de uma das motos no impacto ao ch\u00e3o. <\/span><\/p>\n<p><span style=\"font-size: 14pt;\">Um dos motociclistas ficou ferido, ele chegou a cair sobre a cal\u00e7ada lateral da Igreja Cat\u00f3lica da comunidade, onde flagramos manchas de sangue e ainda um chinelo que foi deixado para tr\u00e1s. <\/span><\/p>\n<p><span style=\"font-size: 14pt;\">No piso asf\u00e1ltico registramos tamb\u00e9m uma mancha de \u00f3leo, local onde pode ter ocorrido o impacto. N\u00e3o temos a identifica\u00e7\u00e3o dos envolvidos, mas o acidente teve o acionamento da pol\u00edcia militar para o registro da ocorr\u00eancia. <\/span><\/p>\n<p><span style=\"font-size: 14pt;\">Vale a pena novamente ressaltar sobre os limites de velocidade dentro do per\u00edmetro urbano em Mantena, muitas placas de tr\u00e2nsito j\u00e1 foram instaladas pela cidade limitando a velocidade em 40km, por\u00e9m o lament\u00e1vel \u00e9 que muitos n\u00e3o respeitam.<\/span><\/p>\n<p><a href=\"http:\/\/www.portalmantena.com.br\/novo\/wp-content\/uploads\/2019\/01\/no290119aci1.jpg\"><img loading=\"lazy\" class=\"alignnone size-full wp-image-43094\" src=\"http:\/\/www.portalmantena.com.br\/novo\/wp-content\/uploads\/2019\/01\/no290119aci1.jpg\" alt=\"\" width=\"700\" height=\"450\" srcset=\"http:\/\/www.portalmantena.com.br\/novo\/wp-content\/uploads\/2019\/01\/no290119aci1.jpg 700w, http:\/\/www.portalmantena.com.br\/novo\/wp-content\/uploads\/2019\/01\/no290119aci1-300x193.jpg 300w, http:\/\/www.portalmantena.com.br\/novo\/wp-content\/uploads\/2019\/01\/no290119aci1-696x447.jpg 696w, http:\/\/www.portalmantena.com.br\/novo\/wp-content\/uploads\/2019\/01\/no290119aci1-653x420.jpg 653w\" sizes=\"(max-width: 700px) 100vw, 700px\" \/><\/a><a href=\"http:\/\/www.portalmantena.com.br\/novo\/wp-content\/uploads\/2019\/01\/no290119aci3.jpg\"><img loading=\"lazy\" class=\"alignnone size-full wp-image-43096\" src=\"http:\/\/www.portalmantena.com.br\/novo\/wp-content\/uploads\/2019\/01\/no290119aci3.jpg\" alt=\"\" width=\"700\" height=\"450\" srcset=\"http:\/\/www.portalmantena.com.br\/novo\/wp-content\/uploads\/2019\/01\/no290119aci3.jpg 700w, http:\/\/www.portalmantena.com.br\/novo\/wp-content\/uploads\/2019\/01\/no290119aci3-300x193.jpg 300w, http:\/\/www.portalmantena.com.br\/novo\/wp-content\/uploads\/2019\/01\/no290119aci3-696x447.jpg 696w, http:\/\/www.portalmantena.com.br\/novo\/wp-content\/uploads\/2019\/01\/no290119aci3-653x420.jpg 653w\" sizes=\"(max-width: 700px) 100vw, 700px\" \/><\/a><\/p>\n<p><a href=\"http:\/\/www.portalmantena.com.br\/novo\/\"><img loading=\"lazy\" class=\"alignnone size-full wp-image-37331\" src=\"http:\/\/www.portalmantena.com.br\/novo\/wp-content\/uploads\/2018\/05\/faixaportalnoticias5.jpg\" alt=\"\" width=\"700\" height=\"40\" srcset=\"http:\/\/www.portalmantena.com.br\/novo\/wp-content\/uploads\/2018\/05\/faixaportalnoticias5.jpg 700w, http:\/\/www.portalmantena.com.br\/novo\/wp-content\/uploads\/2018\/05\/faixaportalnoticias5-300x17.jpg 300w, http:\/\/www.portalmantena.com.br\/novo\/wp-content\/uploads\/2018\/05\/faixaportalnoticias5-696x40.jpg 696w\" sizes=\"(max-width: 700px) 100vw, 700px\" \/><\/a><\/p>\n<p><span style=\"font-size: 10pt;\">ESPA\u00c7O EMPRESARIAL<\/span><a href=\"http:\/\/www.portalmantena.com.br\/novo\/wp-content\/uploads\/2018\/05\/cafebonzonfaixa.jpg\"><img loading=\"lazy\" class=\"alignnone size-full wp-image-29162\" src=\"http:\/\/www.portalmantena.com.br\/novo\/wp-content\/uploads\/2018\/05\/cafebonzonfaixa.jpg\" alt=\"\" width=\"700\" height=\"150\" srcset=\"http:\/\/www.portalmantena.com.br\/novo\/wp-content\/uploads\/2018\/05\/cafebonzonfaixa.jpg 700w, http:\/\/www.portalmantena.com.br\/novo\/wp-content\/uploads\/2018\/05\/cafebonzonfaixa-300x64.jpg 300w, http:\/\/www.portalmantena.com.br\/novo\/wp-content\/uploads\/2018\/05\/cafebonzonfaixa-696x150.jpg 696w\" sizes=\"(max-width: 700px) 100vw, 700px\" \/><\/a><\/p>\n","protected":false},"excerpt":{"rendered":"<p>Os acidentes de tr\u00e2nsito envolvendo motos seguem se tornando corriqueiros no tr\u00e2nsito de Mantena, e alguns deles envolvem impacto entre v\u00e1rias motos. Foi o que aconteceu no in\u00edcio da noite desta segunda-feira (28), no cruzamento das ruas Minas Gerais com Eliane Melado no bairro Santo Ant\u00f4nio. De acordo com informa\u00e7\u00f5es, o condutor de uma moto [&hellip;]<\/p>\n","protected":false},"author":1,"featured_media":43095,"comment_status":"open","ping_status":"open","sticky":false,"template":"","format":"standard","meta":[],"categories":[36,12],"tags":[],"_links":{"self":[{"href":"http:\/\/www.portalmantena.com.br\/novo\/index.php?rest_route=\/wp\/v2\/posts\/43093"}],"collection":[{"href":"http:\/\/www.portalmantena.com.br\/novo\/index.php?rest_route=\/wp\/v2\/posts"}],"about":[{"href":"http:\/\/www.portalmantena.com.br\/novo\/index.php?rest_route=\/wp\/v2\/types\/post"}],"author":[{"embeddable":true,"href":"http:\/\/www.portalmantena.com.br\/novo\/index.php?rest_route=\/wp\/v2\/users\/1"}],"replies":[{"embeddable":true,"href":"http:\/\/www.portalmantena.com.br\/novo\/index.php?rest_route=%2Fwp%2Fv2%2Fcomments&post=43093"}],"version-history":[{"count":2,"href":"http:\/\/www.portalmantena.com.br\/novo\/index.php?rest_route=\/wp\/v2\/posts\/43093\/revisions"}],"predecessor-version":[{"id":43098,"href":"http:\/\/www.portalmantena.com.br\/novo\/index.php?rest_route=\/wp\/v2\/posts\/43093\/revisions\/43098"}],"wp:featuredmedia":[{"embeddable":true,"href":"http:\/\/www.portalmantena.com.br\/novo\/index.php?rest_route=\/wp\/v2\/media\/43095"}],"wp:attachment":[{"href":"http:\/\/www.portalmantena.com.br\/novo\/index.php?rest_route=%2Fwp%2Fv2%2Fmedia&parent=43093"}],"wp:term":[{"taxonomy":"category","embeddable":true,"href":"http:\/\/www.portalmantena.com.br\/novo\/index.php?rest_route=%2Fwp%2Fv2%2Fcategories&post=43093"},{"taxonomy":"post_tag","embeddable":true,"href":"http:\/\/www.portalmantena.com.br\/novo\/index.php?rest_route=%2Fwp%2Fv2%2Ftags&post=43093"}],"curies":[{"name":"wp","href":"https:\/\/api.w.org\/{rel}","templated":true}]}}