{"id":42871,"date":"2019-01-22T19:00:36","date_gmt":"2019-01-22T21:00:36","guid":{"rendered":"http:\/\/www.portalmantena.com.br\/novo\/?p=42871"},"modified":"2019-01-22T13:02:17","modified_gmt":"2019-01-22T15:02:17","slug":"pm-apreende-maconha-cocaina-e-crack-em-sao-felix","status":"publish","type":"post","link":"http:\/\/www.portalmantena.com.br\/novo\/?p=42871","title":{"rendered":"PM apreende Maconha, Coca\u00edna e crack em S\u00e3o F\u00e9lix"},"content":{"rendered":"<p><a href=\"http:\/\/www.portalmantena.com.br\/novo\/wp-content\/uploads\/2019\/01\/no220119droga.jpg\"><img loading=\"lazy\" class=\"alignnone size-full wp-image-42872\" src=\"http:\/\/www.portalmantena.com.br\/novo\/wp-content\/uploads\/2019\/01\/no220119droga.jpg\" alt=\"\" width=\"700\" height=\"450\" srcset=\"http:\/\/www.portalmantena.com.br\/novo\/wp-content\/uploads\/2019\/01\/no220119droga.jpg 700w, http:\/\/www.portalmantena.com.br\/novo\/wp-content\/uploads\/2019\/01\/no220119droga-300x193.jpg 300w, http:\/\/www.portalmantena.com.br\/novo\/wp-content\/uploads\/2019\/01\/no220119droga-696x447.jpg 696w, http:\/\/www.portalmantena.com.br\/novo\/wp-content\/uploads\/2019\/01\/no220119droga-653x420.jpg 653w\" sizes=\"(max-width: 700px) 100vw, 700px\" \/><\/a><\/p>\n<p><span style=\"font-size: 14pt;\">Na \u00faltima sexta-feira uma guarni\u00e7\u00e3o da Pol\u00edcia Militar de S\u00e3o F\u00e9lix de Minas recebeu den\u00fancia de que um cidad\u00e3o estaria realizando tr\u00e1fico de drogas em sua resid\u00eancia. <\/span><\/p>\n<p><span style=\"font-size: 14pt;\">Diante das informa\u00e7\u00f5es, a equipe policial dirigiu-se ao local e realizou contato com a genitora do denunciado. <\/span><\/p>\n<p><span style=\"font-size: 14pt;\">Segundo informa\u00e7\u00f5es, foi ent\u00e3o franqueada a entrada dos PMs na resid\u00eancia, pela moradora, tendo sido encontrados os seguintes materiais entorpecentes no quarto do autor, alvo da den\u00fancia: 40 buchas de maconha; 33 pinos de coca\u00edna; 25 pedras de crack e R$ 70,00 em dinheiro. <\/span><\/p>\n<p><span style=\"font-size: 14pt;\">O infrator foi preso em flagrante delito e apresentado ao Delegado de Pol\u00edcia para as demais provid\u00eancias. (fonte\/foto:PM).<\/span><\/p>\n<p><a href=\"http:\/\/www.portalmantena.com.br\/novo\/\"><img loading=\"lazy\" class=\"alignnone size-full wp-image-37331\" src=\"http:\/\/www.portalmantena.com.br\/novo\/wp-content\/uploads\/2018\/05\/faixaportalnoticias5.jpg\" alt=\"\" width=\"700\" height=\"40\" srcset=\"http:\/\/www.portalmantena.com.br\/novo\/wp-content\/uploads\/2018\/05\/faixaportalnoticias5.jpg 700w, http:\/\/www.portalmantena.com.br\/novo\/wp-content\/uploads\/2018\/05\/faixaportalnoticias5-300x17.jpg 300w, http:\/\/www.portalmantena.com.br\/novo\/wp-content\/uploads\/2018\/05\/faixaportalnoticias5-696x40.jpg 696w\" sizes=\"(max-width: 700px) 100vw, 700px\" \/><\/a><\/p>\n<p><span style=\"font-size: 10pt;\">ESPA\u00c7O EMPRESARIAL<\/span><img src=\"http:\/\/www.portalmantena.com.br\/novo\/wp-content\/uploads\/2018\/07\/donaolga270718-1.jpg\" \/><\/p>\n","protected":false},"excerpt":{"rendered":"<p>Na \u00faltima sexta-feira uma guarni\u00e7\u00e3o da Pol\u00edcia Militar de S\u00e3o F\u00e9lix de Minas recebeu den\u00fancia de que um cidad\u00e3o estaria realizando tr\u00e1fico de drogas em sua resid\u00eancia. Diante das informa\u00e7\u00f5es, a equipe policial dirigiu-se ao local e realizou contato com a genitora do denunciado. Segundo informa\u00e7\u00f5es, foi ent\u00e3o franqueada a entrada dos PMs na resid\u00eancia, [&hellip;]<\/p>\n","protected":false},"author":1,"featured_media":42872,"comment_status":"open","ping_status":"open","sticky":false,"template":"","format":"standard","meta":[],"categories":[11,34],"tags":[],"_links":{"self":[{"href":"http:\/\/www.portalmantena.com.br\/novo\/index.php?rest_route=\/wp\/v2\/posts\/42871"}],"collection":[{"href":"http:\/\/www.portalmantena.com.br\/novo\/index.php?rest_route=\/wp\/v2\/posts"}],"about":[{"href":"http:\/\/www.portalmantena.com.br\/novo\/index.php?rest_route=\/wp\/v2\/types\/post"}],"author":[{"embeddable":true,"href":"http:\/\/www.portalmantena.com.br\/novo\/index.php?rest_route=\/wp\/v2\/users\/1"}],"replies":[{"embeddable":true,"href":"http:\/\/www.portalmantena.com.br\/novo\/index.php?rest_route=%2Fwp%2Fv2%2Fcomments&post=42871"}],"version-history":[{"count":1,"href":"http:\/\/www.portalmantena.com.br\/novo\/index.php?rest_route=\/wp\/v2\/posts\/42871\/revisions"}],"predecessor-version":[{"id":42873,"href":"http:\/\/www.portalmantena.com.br\/novo\/index.php?rest_route=\/wp\/v2\/posts\/42871\/revisions\/42873"}],"wp:featuredmedia":[{"embeddable":true,"href":"http:\/\/www.portalmantena.com.br\/novo\/index.php?rest_route=\/wp\/v2\/media\/42872"}],"wp:attachment":[{"href":"http:\/\/www.portalmantena.com.br\/novo\/index.php?rest_route=%2Fwp%2Fv2%2Fmedia&parent=42871"}],"wp:term":[{"taxonomy":"category","embeddable":true,"href":"http:\/\/www.portalmantena.com.br\/novo\/index.php?rest_route=%2Fwp%2Fv2%2Fcategories&post=42871"},{"taxonomy":"post_tag","embeddable":true,"href":"http:\/\/www.portalmantena.com.br\/novo\/index.php?rest_route=%2Fwp%2Fv2%2Ftags&post=42871"}],"curies":[{"name":"wp","href":"https:\/\/api.w.org\/{rel}","templated":true}]}}