{"id":42771,"date":"2019-01-15T13:50:34","date_gmt":"2019-01-15T15:50:34","guid":{"rendered":"http:\/\/www.portalmantena.com.br\/novo\/?p=42771"},"modified":"2019-01-15T13:50:34","modified_gmt":"2019-01-15T15:50:34","slug":"envolvidos-em-sequestro-sao-presos-em-mantenopolis","status":"publish","type":"post","link":"http:\/\/www.portalmantena.com.br\/novo\/?p=42771","title":{"rendered":"Envolvidos em Sequestro s\u00e3o presos em Manten\u00f3polis"},"content":{"rendered":"<p>&nbsp;<\/p>\n<p><span style=\"font-size: 14pt;\">Durante a manh\u00e3 de quarta-feira (09), policiais militares do 11\u00ba Batalh\u00e3o detiveram tr\u00eas pessoas respons\u00e1veis por manter uma mulher em c\u00e1rcere privado. A a\u00e7\u00e3o policial teve in\u00edcio em Manten\u00f3polis e foi finalizada na cidade de Mantena, em Minas Gerais. <\/span><\/p>\n<p><span style=\"font-size: 14pt;\">Ap\u00f3s receber uma den\u00fancia an\u00f4nima, os militares identificaram os suspeitos em um bar no distrito de S\u00e3o Geraldo. No local, dois indiv\u00edduos em uma motocicleta Honda Biz efetuaram disparos de arma de fogo contra a viatura policial e fugiram. <\/span><\/p>\n<p><span style=\"font-size: 14pt;\">Um acompanhamento foi realizado com o apoio de outros militares, resultando na deten\u00e7\u00e3o de B. S., de 23 anos, identificado como ex-namorado da v\u00edtima. Com ele foi apreendido um rev\u00f3lver calibre 38 e tr\u00eas muni\u00e7\u00f5es. <\/span><\/p>\n<p><span style=\"font-size: 14pt;\">Novas informa\u00e7\u00f5es deram conta de que a mulher estava sendo mantida em c\u00e1rcere privado em uma resid\u00eancia na cidade de Mantena, em Minas Gerais. Para deter os criminosos e socorrer a v\u00edtima, foi montada uma a\u00e7\u00e3o integrada entre policiais capixabas e mineiros. <\/span><\/p>\n<p><span style=\"font-size: 14pt;\">A v\u00edtima foi encontrada na resid\u00eancia denunciada com in\u00fameras les\u00f5es pelo corpo. Duas pessoas foram detidas no local. Todos os detidos nas ocorr\u00eancias e os materiais apreendidos foram encaminhados ao departamento policial da regi\u00e3o. (fonte:PM).<\/span><\/p>\n<p><a href=\"http:\/\/www.portalmantena.com.br\/novo\/\"><img loading=\"lazy\" class=\"alignnone size-full wp-image-37331\" src=\"http:\/\/www.portalmantena.com.br\/novo\/wp-content\/uploads\/2018\/05\/faixaportalnoticias5.jpg\" alt=\"\" width=\"700\" height=\"40\" srcset=\"http:\/\/www.portalmantena.com.br\/novo\/wp-content\/uploads\/2018\/05\/faixaportalnoticias5.jpg 700w, http:\/\/www.portalmantena.com.br\/novo\/wp-content\/uploads\/2018\/05\/faixaportalnoticias5-300x17.jpg 300w, http:\/\/www.portalmantena.com.br\/novo\/wp-content\/uploads\/2018\/05\/faixaportalnoticias5-696x40.jpg 696w\" sizes=\"(max-width: 700px) 100vw, 700px\" \/><\/a><\/p>\n<p><span style=\"font-size: 10pt;\">ESPA\u00c7O EMPRESARIAL<\/span><img loading=\"lazy\" class=\"alignnone size-full wp-image-30339\" src=\"http:\/\/www.portalmantena.com.br\/novo\/wp-content\/uploads\/2018\/05\/casadastintas.jpg\" alt=\"\" width=\"700\" height=\"150\" srcset=\"http:\/\/www.portalmantena.com.br\/novo\/wp-content\/uploads\/2018\/05\/casadastintas.jpg 700w, http:\/\/www.portalmantena.com.br\/novo\/wp-content\/uploads\/2018\/05\/casadastintas-300x64.jpg 300w, http:\/\/www.portalmantena.com.br\/novo\/wp-content\/uploads\/2018\/05\/casadastintas-696x150.jpg 696w\" sizes=\"(max-width: 700px) 100vw, 700px\" \/><\/p>\n","protected":false},"excerpt":{"rendered":"<p>&nbsp; Durante a manh\u00e3 de quarta-feira (09), policiais militares do 11\u00ba Batalh\u00e3o detiveram tr\u00eas pessoas respons\u00e1veis por manter uma mulher em c\u00e1rcere privado. A a\u00e7\u00e3o policial teve in\u00edcio em Manten\u00f3polis e foi finalizada na cidade de Mantena, em Minas Gerais. Ap\u00f3s receber uma den\u00fancia an\u00f4nima, os militares identificaram os suspeitos em um bar no distrito [&hellip;]<\/p>\n","protected":false},"author":1,"featured_media":0,"comment_status":"open","ping_status":"open","sticky":false,"template":"","format":"standard","meta":[],"categories":[24],"tags":[],"_links":{"self":[{"href":"http:\/\/www.portalmantena.com.br\/novo\/index.php?rest_route=\/wp\/v2\/posts\/42771"}],"collection":[{"href":"http:\/\/www.portalmantena.com.br\/novo\/index.php?rest_route=\/wp\/v2\/posts"}],"about":[{"href":"http:\/\/www.portalmantena.com.br\/novo\/index.php?rest_route=\/wp\/v2\/types\/post"}],"author":[{"embeddable":true,"href":"http:\/\/www.portalmantena.com.br\/novo\/index.php?rest_route=\/wp\/v2\/users\/1"}],"replies":[{"embeddable":true,"href":"http:\/\/www.portalmantena.com.br\/novo\/index.php?rest_route=%2Fwp%2Fv2%2Fcomments&post=42771"}],"version-history":[{"count":1,"href":"http:\/\/www.portalmantena.com.br\/novo\/index.php?rest_route=\/wp\/v2\/posts\/42771\/revisions"}],"predecessor-version":[{"id":42772,"href":"http:\/\/www.portalmantena.com.br\/novo\/index.php?rest_route=\/wp\/v2\/posts\/42771\/revisions\/42772"}],"wp:attachment":[{"href":"http:\/\/www.portalmantena.com.br\/novo\/index.php?rest_route=%2Fwp%2Fv2%2Fmedia&parent=42771"}],"wp:term":[{"taxonomy":"category","embeddable":true,"href":"http:\/\/www.portalmantena.com.br\/novo\/index.php?rest_route=%2Fwp%2Fv2%2Fcategories&post=42771"},{"taxonomy":"post_tag","embeddable":true,"href":"http:\/\/www.portalmantena.com.br\/novo\/index.php?rest_route=%2Fwp%2Fv2%2Ftags&post=42771"}],"curies":[{"name":"wp","href":"https:\/\/api.w.org\/{rel}","templated":true}]}}