{"id":42758,"date":"2019-01-11T18:55:07","date_gmt":"2019-01-11T20:55:07","guid":{"rendered":"http:\/\/www.portalmantena.com.br\/novo\/?p=42758"},"modified":"2019-01-11T09:27:23","modified_gmt":"2019-01-11T11:27:23","slug":"desafio-urbano-mtb-em-mantena-no-mes-de-marco","status":"publish","type":"post","link":"http:\/\/www.portalmantena.com.br\/novo\/?p=42758","title":{"rendered":"Desafio Urbano MTB em Mantena no m\u00eas de Mar\u00e7o"},"content":{"rendered":"<p><a href=\"http:\/\/www.portalmantena.com.br\/novo\/wp-content\/uploads\/2019\/01\/no110118pedal.jpg\"><img loading=\"lazy\" class=\"alignnone size-full wp-image-42759\" src=\"http:\/\/www.portalmantena.com.br\/novo\/wp-content\/uploads\/2019\/01\/no110118pedal.jpg\" alt=\"\" width=\"700\" height=\"450\" srcset=\"http:\/\/www.portalmantena.com.br\/novo\/wp-content\/uploads\/2019\/01\/no110118pedal.jpg 700w, http:\/\/www.portalmantena.com.br\/novo\/wp-content\/uploads\/2019\/01\/no110118pedal-300x193.jpg 300w, http:\/\/www.portalmantena.com.br\/novo\/wp-content\/uploads\/2019\/01\/no110118pedal-696x447.jpg 696w, http:\/\/www.portalmantena.com.br\/novo\/wp-content\/uploads\/2019\/01\/no110118pedal-653x420.jpg 653w\" sizes=\"(max-width: 700px) 100vw, 700px\" \/><\/a><\/p>\n<p><span style=\"font-size: 14pt;\">Comemorando os 10 anos da Academia Profit em Mantena, no pr\u00f3ximo dia 17 de Mar\u00e7o, a partir das 9 horas da manh\u00e3 ser\u00e1 a largada do DESAFIO URBANO MTB. <\/span><\/p>\n<p><span style=\"font-size: 14pt;\">Um evento que com certeza ser\u00e1 cheio de adrenalina e muita disputa. Duas categorias ser\u00e3o disputadas, PR\u00f3 (40km com 630 altm) para Elite Marculino, Elite feminino, sub 25\/35\/45\/55 e over 55, e ainda Sport (30 km com 480 altm) para Juvenil at\u00e9 18 anos, feminino sub 40, feminino over 40, sub 25\/35\/45\/55, over 55 e dupla mista. <\/span><\/p>\n<p><span style=\"font-size: 14pt;\">Haver\u00e1 premia\u00e7\u00e3o com trof\u00e9u de participa\u00e7\u00e3o e trof\u00e9u para os 5 primeiros de cada categoria. Premia\u00e7\u00e3o em dinheiro para os 5 primeiros da geral, pr\u00f3 e sport. <\/span><\/p>\n<p><span style=\"font-size: 14pt;\">A largada ser\u00e1 em frente \u00e0 antiga AABB no bairro Nicoline em Mantena. Informa\u00e7\u00f5es e Inscri\u00e7\u00e3o com Nivaldo atrav\u00e9s do 33 9-8890-2690.<\/span><\/p>\n<p><a href=\"http:\/\/www.portalmantena.com.br\/novo\/\"><img loading=\"lazy\" class=\"alignnone size-full wp-image-37331\" src=\"http:\/\/www.portalmantena.com.br\/novo\/wp-content\/uploads\/2018\/05\/faixaportalnoticias5.jpg\" alt=\"\" width=\"700\" height=\"40\" srcset=\"http:\/\/www.portalmantena.com.br\/novo\/wp-content\/uploads\/2018\/05\/faixaportalnoticias5.jpg 700w, http:\/\/www.portalmantena.com.br\/novo\/wp-content\/uploads\/2018\/05\/faixaportalnoticias5-300x17.jpg 300w, http:\/\/www.portalmantena.com.br\/novo\/wp-content\/uploads\/2018\/05\/faixaportalnoticias5-696x40.jpg 696w\" sizes=\"(max-width: 700px) 100vw, 700px\" \/><\/a><\/p>\n<p><span style=\"font-size: 10pt;\">ESPA\u00c7O EMPRESARIAL<\/span><img loading=\"lazy\" class=\"alignnone size-full wp-image-30339\" src=\"http:\/\/www.portalmantena.com.br\/novo\/wp-content\/uploads\/2018\/05\/casadastintas.jpg\" alt=\"\" width=\"700\" height=\"150\" srcset=\"http:\/\/www.portalmantena.com.br\/novo\/wp-content\/uploads\/2018\/05\/casadastintas.jpg 700w, http:\/\/www.portalmantena.com.br\/novo\/wp-content\/uploads\/2018\/05\/casadastintas-300x64.jpg 300w, http:\/\/www.portalmantena.com.br\/novo\/wp-content\/uploads\/2018\/05\/casadastintas-696x150.jpg 696w\" sizes=\"(max-width: 700px) 100vw, 700px\" \/><\/p>\n","protected":false},"excerpt":{"rendered":"<p>Comemorando os 10 anos da Academia Profit em Mantena, no pr\u00f3ximo dia 17 de Mar\u00e7o, a partir das 9 horas da manh\u00e3 ser\u00e1 a largada do DESAFIO URBANO MTB. Um evento que com certeza ser\u00e1 cheio de adrenalina e muita disputa. Duas categorias ser\u00e3o disputadas, PR\u00f3 (40km com 630 altm) para Elite Marculino, Elite feminino, [&hellip;]<\/p>\n","protected":false},"author":1,"featured_media":42759,"comment_status":"open","ping_status":"open","sticky":false,"template":"","format":"standard","meta":[],"categories":[11,22],"tags":[],"_links":{"self":[{"href":"http:\/\/www.portalmantena.com.br\/novo\/index.php?rest_route=\/wp\/v2\/posts\/42758"}],"collection":[{"href":"http:\/\/www.portalmantena.com.br\/novo\/index.php?rest_route=\/wp\/v2\/posts"}],"about":[{"href":"http:\/\/www.portalmantena.com.br\/novo\/index.php?rest_route=\/wp\/v2\/types\/post"}],"author":[{"embeddable":true,"href":"http:\/\/www.portalmantena.com.br\/novo\/index.php?rest_route=\/wp\/v2\/users\/1"}],"replies":[{"embeddable":true,"href":"http:\/\/www.portalmantena.com.br\/novo\/index.php?rest_route=%2Fwp%2Fv2%2Fcomments&post=42758"}],"version-history":[{"count":1,"href":"http:\/\/www.portalmantena.com.br\/novo\/index.php?rest_route=\/wp\/v2\/posts\/42758\/revisions"}],"predecessor-version":[{"id":42760,"href":"http:\/\/www.portalmantena.com.br\/novo\/index.php?rest_route=\/wp\/v2\/posts\/42758\/revisions\/42760"}],"wp:featuredmedia":[{"embeddable":true,"href":"http:\/\/www.portalmantena.com.br\/novo\/index.php?rest_route=\/wp\/v2\/media\/42759"}],"wp:attachment":[{"href":"http:\/\/www.portalmantena.com.br\/novo\/index.php?rest_route=%2Fwp%2Fv2%2Fmedia&parent=42758"}],"wp:term":[{"taxonomy":"category","embeddable":true,"href":"http:\/\/www.portalmantena.com.br\/novo\/index.php?rest_route=%2Fwp%2Fv2%2Fcategories&post=42758"},{"taxonomy":"post_tag","embeddable":true,"href":"http:\/\/www.portalmantena.com.br\/novo\/index.php?rest_route=%2Fwp%2Fv2%2Ftags&post=42758"}],"curies":[{"name":"wp","href":"https:\/\/api.w.org\/{rel}","templated":true}]}}