{"id":42755,"date":"2019-01-11T18:51:55","date_gmt":"2019-01-11T20:51:55","guid":{"rendered":"http:\/\/www.portalmantena.com.br\/novo\/?p=42755"},"modified":"2019-01-11T08:55:00","modified_gmt":"2019-01-11T10:55:00","slug":"homem-e-preso-suspeito-de-matar-ex-companheira-em-itabirinha","status":"publish","type":"post","link":"http:\/\/www.portalmantena.com.br\/novo\/?p=42755","title":{"rendered":"Homem \u00e9 preso suspeito de matar ex companheira em Itabirinha"},"content":{"rendered":"<p><a href=\"http:\/\/www.portalmantena.com.br\/novo\/wp-content\/uploads\/2019\/01\/no110118pc.jpg\"><img loading=\"lazy\" class=\"alignnone size-full wp-image-42756\" src=\"http:\/\/www.portalmantena.com.br\/novo\/wp-content\/uploads\/2019\/01\/no110118pc.jpg\" alt=\"\" width=\"700\" height=\"450\" srcset=\"http:\/\/www.portalmantena.com.br\/novo\/wp-content\/uploads\/2019\/01\/no110118pc.jpg 700w, http:\/\/www.portalmantena.com.br\/novo\/wp-content\/uploads\/2019\/01\/no110118pc-300x193.jpg 300w, http:\/\/www.portalmantena.com.br\/novo\/wp-content\/uploads\/2019\/01\/no110118pc-696x447.jpg 696w, http:\/\/www.portalmantena.com.br\/novo\/wp-content\/uploads\/2019\/01\/no110118pc-653x420.jpg 653w\" sizes=\"(max-width: 700px) 100vw, 700px\" \/><\/a><\/p>\n<p><span style=\"font-size: 14pt;\">Um homem de 45 anos foi preso nesta quarta-feira (9) na cidade de Itabirinha, suspeito de ter matado a companheira dele em dezembro de 2018. Segundo a Pol\u00edcia Civil, Tais Duarte da Silva, de 28 anos, foi encontrada morta na casa onde os dois viviam. <\/span><\/p>\n<p><span style=\"font-size: 14pt;\">O laudo do Instituto M\u00e9dico Legal (IML) atestou que a v\u00edtima morreu asfixiada por esganadura do pesco\u00e7o, al\u00e9m de ter sofrido diversas agress\u00f5es por todo o corpo. <\/span><\/p>\n<p><span style=\"font-size: 14pt;\">A pris\u00e3o do suspeito foi por meio de cumprimento de mandado preventivo expedido pela Justi\u00e7a. Na \u00e9poca do crime, o homem chegou a ser encaminhado \u00e0 delegacia de Pol\u00edcia Civil de Mantena, mas no interrogat\u00f3rio negou a autoria do assassinato. Ele afirmou que a v\u00edtima morreu por causas naturais e que as les\u00f5es eram frutos de quedas dentro de casa. <\/span><\/p>\n<p><span style=\"font-size: 14pt;\">O suspeito teria dito ainda que \u00e9 vigilante e trabalhou na noite do crime. De acordo com a Pol\u00edcia Civil, as investiga\u00e7\u00f5es esclareceram que o homem \u00e9 uma pessoa agressiva e j\u00e1 possu\u00eda hist\u00f3rico de viol\u00eancia dom\u00e9stica. <\/span><\/p>\n<p><span style=\"font-size: 14pt;\">Ainda segundo a pol\u00edcia, a v\u00edtima era constantemente mantida trancada pelo suspeito dentro de casa. O homem foi encaminhado ao Pres\u00eddio Regional de Mantena. Ele deve responder por feminic\u00eddio, praticado por motivo f\u00fatil, com emprego de asfixia e mediante recurso que dificultou a defesa da v\u00edtima. <\/span><\/p>\n<p><span style=\"font-size: 14pt;\">A pena pode chegar a 30 anos de pris\u00e3o. A motiva\u00e7\u00e3o do crime n\u00e3o foi esclarecida. (fonte:g1\/vales).<\/span><\/p>\n<p><a href=\"http:\/\/www.portalmantena.com.br\/novo\/\"><img loading=\"lazy\" class=\"alignnone size-full wp-image-37331\" src=\"http:\/\/www.portalmantena.com.br\/novo\/wp-content\/uploads\/2018\/05\/faixaportalnoticias5.jpg\" alt=\"\" width=\"700\" height=\"40\" srcset=\"http:\/\/www.portalmantena.com.br\/novo\/wp-content\/uploads\/2018\/05\/faixaportalnoticias5.jpg 700w, http:\/\/www.portalmantena.com.br\/novo\/wp-content\/uploads\/2018\/05\/faixaportalnoticias5-300x17.jpg 300w, http:\/\/www.portalmantena.com.br\/novo\/wp-content\/uploads\/2018\/05\/faixaportalnoticias5-696x40.jpg 696w\" sizes=\"(max-width: 700px) 100vw, 700px\" \/><\/a><\/p>\n<p><span style=\"font-size: 10pt;\">ESPA\u00c7O EMPRESARIAL<\/span><a href=\"https:\/\/www.facebook.com\/profile.php?id=100004934627949&amp;fref=ts\"><img loading=\"lazy\" class=\"alignnone size-full wp-image-36918\" src=\"http:\/\/www.portalmantena.com.br\/novo\/wp-content\/uploads\/2018\/05\/printcolor120918banner.jpg\" alt=\"\" width=\"700\" height=\"150\" srcset=\"http:\/\/www.portalmantena.com.br\/novo\/wp-content\/uploads\/2018\/05\/printcolor120918banner.jpg 700w, http:\/\/www.portalmantena.com.br\/novo\/wp-content\/uploads\/2018\/05\/printcolor120918banner-300x64.jpg 300w, http:\/\/www.portalmantena.com.br\/novo\/wp-content\/uploads\/2018\/05\/printcolor120918banner-696x150.jpg 696w\" sizes=\"(max-width: 700px) 100vw, 700px\" \/><\/a><\/p>\n","protected":false},"excerpt":{"rendered":"<p>Um homem de 45 anos foi preso nesta quarta-feira (9) na cidade de Itabirinha, suspeito de ter matado a companheira dele em dezembro de 2018. Segundo a Pol\u00edcia Civil, Tais Duarte da Silva, de 28 anos, foi encontrada morta na casa onde os dois viviam. O laudo do Instituto M\u00e9dico Legal (IML) atestou que a [&hellip;]<\/p>\n","protected":false},"author":1,"featured_media":42756,"comment_status":"open","ping_status":"open","sticky":false,"template":"","format":"standard","meta":[],"categories":[11,34],"tags":[],"_links":{"self":[{"href":"http:\/\/www.portalmantena.com.br\/novo\/index.php?rest_route=\/wp\/v2\/posts\/42755"}],"collection":[{"href":"http:\/\/www.portalmantena.com.br\/novo\/index.php?rest_route=\/wp\/v2\/posts"}],"about":[{"href":"http:\/\/www.portalmantena.com.br\/novo\/index.php?rest_route=\/wp\/v2\/types\/post"}],"author":[{"embeddable":true,"href":"http:\/\/www.portalmantena.com.br\/novo\/index.php?rest_route=\/wp\/v2\/users\/1"}],"replies":[{"embeddable":true,"href":"http:\/\/www.portalmantena.com.br\/novo\/index.php?rest_route=%2Fwp%2Fv2%2Fcomments&post=42755"}],"version-history":[{"count":1,"href":"http:\/\/www.portalmantena.com.br\/novo\/index.php?rest_route=\/wp\/v2\/posts\/42755\/revisions"}],"predecessor-version":[{"id":42757,"href":"http:\/\/www.portalmantena.com.br\/novo\/index.php?rest_route=\/wp\/v2\/posts\/42755\/revisions\/42757"}],"wp:featuredmedia":[{"embeddable":true,"href":"http:\/\/www.portalmantena.com.br\/novo\/index.php?rest_route=\/wp\/v2\/media\/42756"}],"wp:attachment":[{"href":"http:\/\/www.portalmantena.com.br\/novo\/index.php?rest_route=%2Fwp%2Fv2%2Fmedia&parent=42755"}],"wp:term":[{"taxonomy":"category","embeddable":true,"href":"http:\/\/www.portalmantena.com.br\/novo\/index.php?rest_route=%2Fwp%2Fv2%2Fcategories&post=42755"},{"taxonomy":"post_tag","embeddable":true,"href":"http:\/\/www.portalmantena.com.br\/novo\/index.php?rest_route=%2Fwp%2Fv2%2Ftags&post=42755"}],"curies":[{"name":"wp","href":"https:\/\/api.w.org\/{rel}","templated":true}]}}