{"id":42749,"date":"2019-01-11T08:41:17","date_gmt":"2019-01-11T10:41:17","guid":{"rendered":"http:\/\/www.portalmantena.com.br\/novo\/?p=42749"},"modified":"2019-01-11T08:51:29","modified_gmt":"2019-01-11T10:51:29","slug":"acidentes-com-animais-na-pista-faz-novas-vitimas-na-regiao","status":"publish","type":"post","link":"http:\/\/www.portalmantena.com.br\/novo\/?p=42749","title":{"rendered":"Acidentes com animais na pista faz nova v\u00edtima na regi\u00e3o"},"content":{"rendered":"<p><a href=\"http:\/\/www.portalmantena.com.br\/novo\/wp-content\/uploads\/2019\/01\/no110118vaca.jpg\"><img loading=\"lazy\" class=\"alignnone size-full wp-image-42750\" src=\"http:\/\/www.portalmantena.com.br\/novo\/wp-content\/uploads\/2019\/01\/no110118vaca.jpg\" alt=\"\" width=\"700\" height=\"450\" srcset=\"http:\/\/www.portalmantena.com.br\/novo\/wp-content\/uploads\/2019\/01\/no110118vaca.jpg 700w, http:\/\/www.portalmantena.com.br\/novo\/wp-content\/uploads\/2019\/01\/no110118vaca-300x193.jpg 300w, http:\/\/www.portalmantena.com.br\/novo\/wp-content\/uploads\/2019\/01\/no110118vaca-696x447.jpg 696w, http:\/\/www.portalmantena.com.br\/novo\/wp-content\/uploads\/2019\/01\/no110118vaca-653x420.jpg 653w\" sizes=\"(max-width: 700px) 100vw, 700px\" \/><\/a><span style=\"font-size: 10pt;\">Foto: ilustrativa<\/span><\/p>\n<p class=\"content-textcontainer\" style=\"margin: 0cm; margin-bottom: .0001pt; background: white; vertical-align: baseline;\"><span style=\"font-size: 14pt;\">O motociclista Maxuel Franscico Silva, de 24 anos, que se envolveu em um acidente no \u00faltimo dia 5 (s\u00e1bado), ap\u00f3s bater contra duas vacas que estavam soltas na rua, morreu ap\u00f3s tr\u00eas dia internados no Hospital M\u00e1rcio Cunha, na cidade de Ipatinga. <\/span><\/p>\n<p class=\"content-textcontainer\" style=\"margin: 0cm; margin-bottom: .0001pt; background: white; vertical-align: baseline;\"><span style=\"font-size: 14pt;\">O rapaz morreu na noite desta ter\u00e7a-feira (8), e a confirma\u00e7\u00e3o da unidade hospitalar ocorreu nesta quarta (9). No dia do acidente o Corpo de Bombeiros informou que durante os primeiros-socorros foi identificado que o motociclista possu\u00eda m\u00faltiplas fraturas. <\/span><\/p>\n<p class=\"content-textcontainer\" style=\"margin: 0cm; margin-bottom: .0001pt; background: white; vertical-align: baseline;\"><span style=\"font-size: 14pt;\">O hospital n\u00e3o informou a causa da morte de Maxuel Franscico. O acidente aconteceu durante a madrugada do s\u00e1bado, por volta das 1h40, no Bairro S\u00edlvio Pereira II. Segundo o Corpo de Bombeiros, Maxuel estava na moto sozinho no momento do acidente. <\/span><\/p>\n<p class=\"content-textcontainer\" style=\"margin: 0cm; margin-bottom: .0001pt; background: white; vertical-align: baseline;\"><span style=\"font-size: 14pt;\">O condutor teria sido surpreendido com a presen\u00e7a dos animais na pista. Os animais n\u00e3o sobreviveram ao impacto e morreram no local. (fonte:g1\/vales).<\/span><\/p>\n<p class=\"content-textcontainer\" style=\"margin: 0cm; margin-bottom: .0001pt; background: white; vertical-align: baseline;\"><a href=\"http:\/\/www.portalmantena.com.br\/novo\/\"><img loading=\"lazy\" class=\"alignnone size-full wp-image-37331\" src=\"http:\/\/www.portalmantena.com.br\/novo\/wp-content\/uploads\/2018\/05\/faixaportalnoticias5.jpg\" alt=\"\" width=\"700\" height=\"40\" srcset=\"http:\/\/www.portalmantena.com.br\/novo\/wp-content\/uploads\/2018\/05\/faixaportalnoticias5.jpg 700w, http:\/\/www.portalmantena.com.br\/novo\/wp-content\/uploads\/2018\/05\/faixaportalnoticias5-300x17.jpg 300w, http:\/\/www.portalmantena.com.br\/novo\/wp-content\/uploads\/2018\/05\/faixaportalnoticias5-696x40.jpg 696w\" sizes=\"(max-width: 700px) 100vw, 700px\" \/><\/a><\/p>\n<p class=\"content-textcontainer\" style=\"margin: 0cm; margin-bottom: .0001pt; background: white; vertical-align: baseline;\"><span style=\"font-size: 10pt;\">ESPA\u00c7O EMPRESARIAL<\/span><a href=\"http:\/\/www.molvw.com.br\/\"><img loading=\"lazy\" class=\"alignnone size-full wp-image-29504\" src=\"http:\/\/www.portalmantena.com.br\/novo\/wp-content\/uploads\/2018\/05\/molvolkswagen.jpg\" alt=\"\" width=\"700\" height=\"150\" srcset=\"http:\/\/www.portalmantena.com.br\/novo\/wp-content\/uploads\/2018\/05\/molvolkswagen.jpg 700w, http:\/\/www.portalmantena.com.br\/novo\/wp-content\/uploads\/2018\/05\/molvolkswagen-300x64.jpg 300w, http:\/\/www.portalmantena.com.br\/novo\/wp-content\/uploads\/2018\/05\/molvolkswagen-696x150.jpg 696w\" sizes=\"(max-width: 700px) 100vw, 700px\" \/><\/a><\/p>\n","protected":false},"excerpt":{"rendered":"<p>Foto: ilustrativa O motociclista Maxuel Franscico Silva, de 24 anos, que se envolveu em um acidente no \u00faltimo dia 5 (s\u00e1bado), ap\u00f3s bater contra duas vacas que estavam soltas na rua, morreu ap\u00f3s tr\u00eas dia internados no Hospital M\u00e1rcio Cunha, na cidade de Ipatinga. O rapaz morreu na noite desta ter\u00e7a-feira (8), e a confirma\u00e7\u00e3o [&hellip;]<\/p>\n","protected":false},"author":1,"featured_media":42750,"comment_status":"open","ping_status":"open","sticky":false,"template":"","format":"standard","meta":[],"categories":[11,39],"tags":[],"_links":{"self":[{"href":"http:\/\/www.portalmantena.com.br\/novo\/index.php?rest_route=\/wp\/v2\/posts\/42749"}],"collection":[{"href":"http:\/\/www.portalmantena.com.br\/novo\/index.php?rest_route=\/wp\/v2\/posts"}],"about":[{"href":"http:\/\/www.portalmantena.com.br\/novo\/index.php?rest_route=\/wp\/v2\/types\/post"}],"author":[{"embeddable":true,"href":"http:\/\/www.portalmantena.com.br\/novo\/index.php?rest_route=\/wp\/v2\/users\/1"}],"replies":[{"embeddable":true,"href":"http:\/\/www.portalmantena.com.br\/novo\/index.php?rest_route=%2Fwp%2Fv2%2Fcomments&post=42749"}],"version-history":[{"count":4,"href":"http:\/\/www.portalmantena.com.br\/novo\/index.php?rest_route=\/wp\/v2\/posts\/42749\/revisions"}],"predecessor-version":[{"id":42754,"href":"http:\/\/www.portalmantena.com.br\/novo\/index.php?rest_route=\/wp\/v2\/posts\/42749\/revisions\/42754"}],"wp:featuredmedia":[{"embeddable":true,"href":"http:\/\/www.portalmantena.com.br\/novo\/index.php?rest_route=\/wp\/v2\/media\/42750"}],"wp:attachment":[{"href":"http:\/\/www.portalmantena.com.br\/novo\/index.php?rest_route=%2Fwp%2Fv2%2Fmedia&parent=42749"}],"wp:term":[{"taxonomy":"category","embeddable":true,"href":"http:\/\/www.portalmantena.com.br\/novo\/index.php?rest_route=%2Fwp%2Fv2%2Fcategories&post=42749"},{"taxonomy":"post_tag","embeddable":true,"href":"http:\/\/www.portalmantena.com.br\/novo\/index.php?rest_route=%2Fwp%2Fv2%2Ftags&post=42749"}],"curies":[{"name":"wp","href":"https:\/\/api.w.org\/{rel}","templated":true}]}}