{"id":42743,"date":"2019-01-11T08:19:32","date_gmt":"2019-01-11T10:19:32","guid":{"rendered":"http:\/\/www.portalmantena.com.br\/novo\/?p=42743"},"modified":"2019-01-11T08:19:32","modified_gmt":"2019-01-11T10:19:32","slug":"pms-de-mantena-e-bsf-libertam-refem-e-prendem-sequestradores","status":"publish","type":"post","link":"http:\/\/www.portalmantena.com.br\/novo\/?p=42743","title":{"rendered":"PMs de Mantena e BSF libertam ref\u00e9m e prendem sequestradores"},"content":{"rendered":"<p><a href=\"http:\/\/www.portalmantena.com.br\/novo\/wp-content\/uploads\/2019\/01\/pm25.jpg\"><img loading=\"lazy\" class=\"alignnone size-full wp-image-42744\" src=\"http:\/\/www.portalmantena.com.br\/novo\/wp-content\/uploads\/2019\/01\/pm25.jpg\" alt=\"\" width=\"700\" height=\"450\" srcset=\"http:\/\/www.portalmantena.com.br\/novo\/wp-content\/uploads\/2019\/01\/pm25.jpg 700w, http:\/\/www.portalmantena.com.br\/novo\/wp-content\/uploads\/2019\/01\/pm25-300x193.jpg 300w, http:\/\/www.portalmantena.com.br\/novo\/wp-content\/uploads\/2019\/01\/pm25-696x447.jpg 696w, http:\/\/www.portalmantena.com.br\/novo\/wp-content\/uploads\/2019\/01\/pm25-653x420.jpg 653w\" sizes=\"(max-width: 700px) 100vw, 700px\" \/><\/a><\/p>\n<p><span style=\"font-size: 14pt;\">Na tarde desta quarta-feira, dia 09 de Janeiro, a Pol\u00edcia Militar tomou conhecimento que na cidade capixaba de S\u00e3o Geraldo, distante aproximadamente 30km de Mantena, estaria em andamento um sequestro. <\/span><\/p>\n<p><span style=\"font-size: 14pt;\">Diante das informa\u00e7\u00f5es foi iniciada uma opera\u00e7\u00e3o em conjunto entre a PMMG e a PMES, a qual resultou na liberta\u00e7\u00e3o da v\u00edtima na cidade de Mantena\/MG, sendo ela uma adolescente de 17 anos, bem como a pris\u00e3o de dois autores do sequestro, um homem de 29 anos, e o ex namorado da v\u00edtima, de 40 anos de idade. <\/span><\/p>\n<p><span style=\"font-size: 14pt;\">Ainda durante as dilig\u00eancias outro ex namorado da v\u00edtima, de 24 anos, que atirou contra policiais militares do ES, tamb\u00e9m foi preso e um rev\u00f3lver calibre 38 apreendido na cidade de S\u00e3o Geraldo\/ES. A motiva\u00e7\u00e3o do crime seria por quest\u00f5es passionais. <\/span><\/p>\n<p><span style=\"font-size: 14pt;\">A adolescente que era mantida em c\u00e1rcere privado foi libertada, pela PMMG e PMES, no bairro Frei C\u00e9sar em Mantena, bastante debilitada por ter sofrido agress\u00f5es f\u00edsicas por parte dos autores. (fonte:PM).<\/span><\/p>\n<p><a href=\"http:\/\/www.portalmantena.com.br\/novo\/\"><img loading=\"lazy\" class=\"alignnone size-full wp-image-37331\" src=\"http:\/\/www.portalmantena.com.br\/novo\/wp-content\/uploads\/2018\/05\/faixaportalnoticias5.jpg\" alt=\"\" width=\"700\" height=\"40\" srcset=\"http:\/\/www.portalmantena.com.br\/novo\/wp-content\/uploads\/2018\/05\/faixaportalnoticias5.jpg 700w, http:\/\/www.portalmantena.com.br\/novo\/wp-content\/uploads\/2018\/05\/faixaportalnoticias5-300x17.jpg 300w, http:\/\/www.portalmantena.com.br\/novo\/wp-content\/uploads\/2018\/05\/faixaportalnoticias5-696x40.jpg 696w\" sizes=\"(max-width: 700px) 100vw, 700px\" \/><\/a><\/p>\n<p><span style=\"font-size: 10pt;\">ESPA\u00c7O EMPRESARIAL<\/span><a href=\"https:\/\/www.facebook.com\/redevalente\/\"><img loading=\"lazy\" class=\"alignnone size-full wp-image-29188\" src=\"http:\/\/www.portalmantena.com.br\/novo\/wp-content\/uploads\/2018\/05\/valentefaixa.jpg\" alt=\"\" width=\"700\" height=\"150\" srcset=\"http:\/\/www.portalmantena.com.br\/novo\/wp-content\/uploads\/2018\/05\/valentefaixa.jpg 700w, http:\/\/www.portalmantena.com.br\/novo\/wp-content\/uploads\/2018\/05\/valentefaixa-300x64.jpg 300w, http:\/\/www.portalmantena.com.br\/novo\/wp-content\/uploads\/2018\/05\/valentefaixa-696x150.jpg 696w\" sizes=\"(max-width: 700px) 100vw, 700px\" \/><\/a><\/p>\n","protected":false},"excerpt":{"rendered":"<p>Na tarde desta quarta-feira, dia 09 de Janeiro, a Pol\u00edcia Militar tomou conhecimento que na cidade capixaba de S\u00e3o Geraldo, distante aproximadamente 30km de Mantena, estaria em andamento um sequestro. Diante das informa\u00e7\u00f5es foi iniciada uma opera\u00e7\u00e3o em conjunto entre a PMMG e a PMES, a qual resultou na liberta\u00e7\u00e3o da v\u00edtima na cidade de [&hellip;]<\/p>\n","protected":false},"author":1,"featured_media":42745,"comment_status":"open","ping_status":"open","sticky":false,"template":"","format":"standard","meta":[],"categories":[12,34],"tags":[],"_links":{"self":[{"href":"http:\/\/www.portalmantena.com.br\/novo\/index.php?rest_route=\/wp\/v2\/posts\/42743"}],"collection":[{"href":"http:\/\/www.portalmantena.com.br\/novo\/index.php?rest_route=\/wp\/v2\/posts"}],"about":[{"href":"http:\/\/www.portalmantena.com.br\/novo\/index.php?rest_route=\/wp\/v2\/types\/post"}],"author":[{"embeddable":true,"href":"http:\/\/www.portalmantena.com.br\/novo\/index.php?rest_route=\/wp\/v2\/users\/1"}],"replies":[{"embeddable":true,"href":"http:\/\/www.portalmantena.com.br\/novo\/index.php?rest_route=%2Fwp%2Fv2%2Fcomments&post=42743"}],"version-history":[{"count":2,"href":"http:\/\/www.portalmantena.com.br\/novo\/index.php?rest_route=\/wp\/v2\/posts\/42743\/revisions"}],"predecessor-version":[{"id":42747,"href":"http:\/\/www.portalmantena.com.br\/novo\/index.php?rest_route=\/wp\/v2\/posts\/42743\/revisions\/42747"}],"wp:featuredmedia":[{"embeddable":true,"href":"http:\/\/www.portalmantena.com.br\/novo\/index.php?rest_route=\/wp\/v2\/media\/42745"}],"wp:attachment":[{"href":"http:\/\/www.portalmantena.com.br\/novo\/index.php?rest_route=%2Fwp%2Fv2%2Fmedia&parent=42743"}],"wp:term":[{"taxonomy":"category","embeddable":true,"href":"http:\/\/www.portalmantena.com.br\/novo\/index.php?rest_route=%2Fwp%2Fv2%2Fcategories&post=42743"},{"taxonomy":"post_tag","embeddable":true,"href":"http:\/\/www.portalmantena.com.br\/novo\/index.php?rest_route=%2Fwp%2Fv2%2Ftags&post=42743"}],"curies":[{"name":"wp","href":"https:\/\/api.w.org\/{rel}","templated":true}]}}