{"id":42559,"date":"2019-01-02T22:14:29","date_gmt":"2019-01-03T00:14:29","guid":{"rendered":"http:\/\/www.portalmantena.com.br\/novo\/?p=42559"},"modified":"2019-01-04T08:05:17","modified_gmt":"2019-01-04T10:05:17","slug":"queda-de-rocha-deixa-acesso-a-serra-branca-em-meia-pista","status":"publish","type":"post","link":"http:\/\/www.portalmantena.com.br\/novo\/?p=42559","title":{"rendered":"Queda de Rocha, deixa acesso \u00e0 Serra Branca em meia pista"},"content":{"rendered":"<p><a href=\"http:\/\/www.portalmantena.com.br\/novo\/wp-content\/uploads\/2019\/01\/no020119pedra2.jpg\"><img loading=\"lazy\" class=\"alignnone size-full wp-image-42562\" src=\"http:\/\/www.portalmantena.com.br\/novo\/wp-content\/uploads\/2019\/01\/no020119pedra2.jpg\" alt=\"\" width=\"700\" height=\"450\" srcset=\"http:\/\/www.portalmantena.com.br\/novo\/wp-content\/uploads\/2019\/01\/no020119pedra2.jpg 700w, http:\/\/www.portalmantena.com.br\/novo\/wp-content\/uploads\/2019\/01\/no020119pedra2-300x193.jpg 300w, http:\/\/www.portalmantena.com.br\/novo\/wp-content\/uploads\/2019\/01\/no020119pedra2-696x447.jpg 696w, http:\/\/www.portalmantena.com.br\/novo\/wp-content\/uploads\/2019\/01\/no020119pedra2-653x420.jpg 653w\" sizes=\"(max-width: 700px) 100vw, 700px\" \/><\/a><\/p>\n<p><span style=\"font-size: 14pt;\">As for\u00e7as da natureza est\u00e3o se manifestando a cada dia na regi\u00e3o, por\u00e9m felizmente at\u00e9 o momento sem provocar v\u00edtimas. Na madrugada desta ter\u00e7a-feira dia 1\u00ba de Janeiro, uma rocha deslizou sobre a estrada de terra que liga Mantena ao munic\u00edpio de Manten\u00f3polis, passando pela conhecida Serra Branca. <\/span><\/p>\n<p><span style=\"font-size: 14pt;\">Ali\u00e1s, o deslizamento foi bem no p\u00e9 da serra, bloqueando parte da pista que j\u00e1 se encontra estreita pela falta de manuten\u00e7\u00e3o, com o mato invadindo boa parte da estrada. <\/span><\/p>\n<p><span style=\"font-size: 14pt;\">Quanto a Rocha, n\u00e3o foi estimado seu tamanho ou peso, por\u00e9m felizmente foi parar na estrada sem causar qualquer dano a ve\u00edculos ou pessoas. <\/span><\/p>\n<p><span style=\"font-size: 14pt;\">O problema \u00e9 que esta rocha est\u00e1 permitindo o tr\u00e2nsito de ve\u00edculos apenas em meia pista, desta forma os usu\u00e1rios pedem uma provid\u00eancia imediata das autoridades para a retirada deste obst\u00e1culo, antes que algum acidente seja registrado no local, uma vez que com as chuvas, e como a pista de terra fica escorregadia, ve\u00edculos podem de alguma forma esbarrar nela, ou at\u00e9 mesmo algum motorista desatento bater nesta rocha que est\u00e1 no meio do caminho.<\/span><\/p>\n<p><a href=\"http:\/\/www.portalmantena.com.br\/novo\/wp-content\/uploads\/2019\/01\/no020119pedra3.jpg\"><img loading=\"lazy\" class=\"alignnone size-full wp-image-42563\" src=\"http:\/\/www.portalmantena.com.br\/novo\/wp-content\/uploads\/2019\/01\/no020119pedra3.jpg\" alt=\"\" width=\"700\" height=\"450\" srcset=\"http:\/\/www.portalmantena.com.br\/novo\/wp-content\/uploads\/2019\/01\/no020119pedra3.jpg 700w, http:\/\/www.portalmantena.com.br\/novo\/wp-content\/uploads\/2019\/01\/no020119pedra3-300x193.jpg 300w, http:\/\/www.portalmantena.com.br\/novo\/wp-content\/uploads\/2019\/01\/no020119pedra3-696x447.jpg 696w, http:\/\/www.portalmantena.com.br\/novo\/wp-content\/uploads\/2019\/01\/no020119pedra3-653x420.jpg 653w\" sizes=\"(max-width: 700px) 100vw, 700px\" \/><\/a><a href=\"http:\/\/www.portalmantena.com.br\/novo\/wp-content\/uploads\/2019\/01\/no020119pedra1.jpg\"><img loading=\"lazy\" class=\"alignnone size-full wp-image-42561\" src=\"http:\/\/www.portalmantena.com.br\/novo\/wp-content\/uploads\/2019\/01\/no020119pedra1.jpg\" alt=\"\" width=\"700\" height=\"450\" srcset=\"http:\/\/www.portalmantena.com.br\/novo\/wp-content\/uploads\/2019\/01\/no020119pedra1.jpg 700w, http:\/\/www.portalmantena.com.br\/novo\/wp-content\/uploads\/2019\/01\/no020119pedra1-300x193.jpg 300w, http:\/\/www.portalmantena.com.br\/novo\/wp-content\/uploads\/2019\/01\/no020119pedra1-696x447.jpg 696w, http:\/\/www.portalmantena.com.br\/novo\/wp-content\/uploads\/2019\/01\/no020119pedra1-653x420.jpg 653w\" sizes=\"(max-width: 700px) 100vw, 700px\" \/><\/a><\/p>\n<p><a href=\"http:\/\/www.portalmantena.com.br\/novo\/\"><img loading=\"lazy\" class=\"alignnone size-full wp-image-37331\" src=\"http:\/\/www.portalmantena.com.br\/novo\/wp-content\/uploads\/2018\/05\/faixaportalnoticias5.jpg\" alt=\"\" width=\"700\" height=\"40\" srcset=\"http:\/\/www.portalmantena.com.br\/novo\/wp-content\/uploads\/2018\/05\/faixaportalnoticias5.jpg 700w, http:\/\/www.portalmantena.com.br\/novo\/wp-content\/uploads\/2018\/05\/faixaportalnoticias5-300x17.jpg 300w, http:\/\/www.portalmantena.com.br\/novo\/wp-content\/uploads\/2018\/05\/faixaportalnoticias5-696x40.jpg 696w\" sizes=\"(max-width: 700px) 100vw, 700px\" \/><\/a><\/p>\n<p><span style=\"font-size: 10pt;\">ESPA\u00c7O EMPRESARIAL<\/span><a href=\"http:\/\/www.portalmantena.com.br\/novo\/wp-content\/uploads\/2018\/05\/cafebonzonfaixa.jpg\"><img loading=\"lazy\" class=\"alignnone size-full wp-image-29162\" src=\"http:\/\/www.portalmantena.com.br\/novo\/wp-content\/uploads\/2018\/05\/cafebonzonfaixa.jpg\" alt=\"\" width=\"700\" height=\"150\" srcset=\"http:\/\/www.portalmantena.com.br\/novo\/wp-content\/uploads\/2018\/05\/cafebonzonfaixa.jpg 700w, http:\/\/www.portalmantena.com.br\/novo\/wp-content\/uploads\/2018\/05\/cafebonzonfaixa-300x64.jpg 300w, http:\/\/www.portalmantena.com.br\/novo\/wp-content\/uploads\/2018\/05\/cafebonzonfaixa-696x150.jpg 696w\" sizes=\"(max-width: 700px) 100vw, 700px\" \/><\/a><\/p>\n","protected":false},"excerpt":{"rendered":"<p>As for\u00e7as da natureza est\u00e3o se manifestando a cada dia na regi\u00e3o, por\u00e9m felizmente at\u00e9 o momento sem provocar v\u00edtimas. Na madrugada desta ter\u00e7a-feira dia 1\u00ba de Janeiro, uma rocha deslizou sobre a estrada de terra que liga Mantena ao munic\u00edpio de Manten\u00f3polis, passando pela conhecida Serra Branca. Ali\u00e1s, o deslizamento foi bem no p\u00e9 [&hellip;]<\/p>\n","protected":false},"author":1,"featured_media":42562,"comment_status":"open","ping_status":"open","sticky":false,"template":"","format":"standard","meta":[],"categories":[36,11],"tags":[],"_links":{"self":[{"href":"http:\/\/www.portalmantena.com.br\/novo\/index.php?rest_route=\/wp\/v2\/posts\/42559"}],"collection":[{"href":"http:\/\/www.portalmantena.com.br\/novo\/index.php?rest_route=\/wp\/v2\/posts"}],"about":[{"href":"http:\/\/www.portalmantena.com.br\/novo\/index.php?rest_route=\/wp\/v2\/types\/post"}],"author":[{"embeddable":true,"href":"http:\/\/www.portalmantena.com.br\/novo\/index.php?rest_route=\/wp\/v2\/users\/1"}],"replies":[{"embeddable":true,"href":"http:\/\/www.portalmantena.com.br\/novo\/index.php?rest_route=%2Fwp%2Fv2%2Fcomments&post=42559"}],"version-history":[{"count":1,"href":"http:\/\/www.portalmantena.com.br\/novo\/index.php?rest_route=\/wp\/v2\/posts\/42559\/revisions"}],"predecessor-version":[{"id":42564,"href":"http:\/\/www.portalmantena.com.br\/novo\/index.php?rest_route=\/wp\/v2\/posts\/42559\/revisions\/42564"}],"wp:featuredmedia":[{"embeddable":true,"href":"http:\/\/www.portalmantena.com.br\/novo\/index.php?rest_route=\/wp\/v2\/media\/42562"}],"wp:attachment":[{"href":"http:\/\/www.portalmantena.com.br\/novo\/index.php?rest_route=%2Fwp%2Fv2%2Fmedia&parent=42559"}],"wp:term":[{"taxonomy":"category","embeddable":true,"href":"http:\/\/www.portalmantena.com.br\/novo\/index.php?rest_route=%2Fwp%2Fv2%2Fcategories&post=42559"},{"taxonomy":"post_tag","embeddable":true,"href":"http:\/\/www.portalmantena.com.br\/novo\/index.php?rest_route=%2Fwp%2Fv2%2Ftags&post=42559"}],"curies":[{"name":"wp","href":"https:\/\/api.w.org\/{rel}","templated":true}]}}