{"id":42266,"date":"2018-12-27T14:01:18","date_gmt":"2018-12-27T16:01:18","guid":{"rendered":"http:\/\/www.portalmantena.com.br\/novo\/?p=42266"},"modified":"2018-12-28T12:25:19","modified_gmt":"2018-12-28T14:25:19","slug":"projeto-rua-da-virada-acontecendo-em-barra-de-sao-francisco","status":"publish","type":"post","link":"http:\/\/www.portalmantena.com.br\/novo\/?p=42266","title":{"rendered":"Projeto \u201cRua da Virada\u201d acontecendo em Barra de S\u00e3o Francisco"},"content":{"rendered":"<p><a href=\"http:\/\/www.portalmantena.com.br\/novo\/wp-content\/uploads\/2018\/12\/no271218culto2.jpg\"><img loading=\"lazy\" class=\"alignnone size-full wp-image-42268\" src=\"http:\/\/www.portalmantena.com.br\/novo\/wp-content\/uploads\/2018\/12\/no271218culto2.jpg\" alt=\"\" width=\"700\" height=\"450\" srcset=\"http:\/\/www.portalmantena.com.br\/novo\/wp-content\/uploads\/2018\/12\/no271218culto2.jpg 700w, http:\/\/www.portalmantena.com.br\/novo\/wp-content\/uploads\/2018\/12\/no271218culto2-300x193.jpg 300w, http:\/\/www.portalmantena.com.br\/novo\/wp-content\/uploads\/2018\/12\/no271218culto2-696x447.jpg 696w, http:\/\/www.portalmantena.com.br\/novo\/wp-content\/uploads\/2018\/12\/no271218culto2-653x420.jpg 653w\" sizes=\"(max-width: 700px) 100vw, 700px\" \/><\/a><\/p>\n<p><span style=\"font-size: 14pt;\">Teve in\u00edcio na noite desta quarta-feira dia 26 de Dezembro em Barra de S\u00e3o Francisco, um evento chamado \u201cRua da Virada\u201d, com um prop\u00f3sito, prof\u00e9tico, evangel\u00edstico, social e de intercess\u00e3o. <\/span><\/p>\n<p><span style=\"font-size: 14pt;\">O evento se encerra dia 30 (domingo), e durante estes dias, uma bela e confort\u00e1vel estrutura foi montada na rua Coronel Djalma Borges, no centro da cidade de Barra de S\u00e3o Francisco, para a realiza\u00e7\u00e3o de cultos \u00e0s noites e durante o dia haver\u00e1 cont\u00eaineres com banheiros, chuveiros etc. Com o objetivo de atender socialmente e espiritualmente os moradores de rua que tem se aglomerado neste local da cidade. <\/span><\/p>\n<p><span style=\"font-size: 14pt;\">O objetivo deste projeto \u00e9\u00a0\u00a0 Evangelizar e atender socialmente os moradores de rua aqueles a quem o Senhor direcionar nestes dias, profetizar um novo ano para a cidade, fam\u00edlias, com\u00e9rcios, ind\u00fastrias, \u00f3rg\u00e3os p\u00fablicos, etc e ainda servir socialmente moradores de rua com alimenta\u00e7\u00e3o, banhos e presentear estes com roupas, etc. <\/span><\/p>\n<p><span style=\"font-size: 14pt;\">Segundo a programa\u00e7\u00e3o do evento, haver\u00e1 cultos todas as noites com o prop\u00f3sito de evangelizar, interceder, e profetizar 2019 aben\u00e7oando a todos.\u00a0 <\/span><\/p>\n<p><span style=\"font-size: 14pt;\">A organiza\u00e7\u00e3o do evento est\u00e1 por conta de um grupo de irm\u00e3os que entenderam e sentiram em seus cora\u00e7\u00f5es que \u00e9 hora de realizarmos algo com este objetivo em Barra de S\u00e3o Francisco. <\/span><\/p>\n<p><span style=\"font-size: 14pt;\">Qualquer pessoa que sinta em seu cora\u00e7\u00e3o o desejo de servir ao Reino de Deus nestes dias ser\u00e1 muito bem vindo. Foi montado um verdadeiro ex\u00e9rcito de filhos que querem se manifestar, em obedi\u00eancia a chamado do nosso General \u00a0<em>Jesus Cristo !!! <\/em><\/span><\/p>\n<p><span style=\"font-size: 14pt;\"><em>A <\/em>Programa\u00e7\u00e3o b\u00e1sica foi assim definida: <\/span><\/p>\n<p><span style=\"font-size: 14pt;\">dia 26\/12 abertura 20 hs \u2013 culto prof\u00e9tico, intercess\u00e3o e evangeliza\u00e7\u00e3o; dia 27\/12 &#8211; caf\u00e9 e almo\u00e7o com moradores de rua, ora\u00e7\u00f5es durante todo o dia, aconselhamentos, assist\u00eancia social e 20 hs \u2013 culto; <\/span><\/p>\n<p><span style=\"font-size: 14pt;\">Dia 28\/12 &#8211; caf\u00e9 e almo\u00e7o com moradores de rua, ora\u00e7\u00f5es durante todo o dia, aconselhamentos, assist\u00eancia social e\u00a0 20 hs &#8211; culto. <\/span><\/p>\n<p><span style=\"font-size: 14pt;\">Dia 29\/12- caf\u00e9 e almo\u00e7o com moradores de rua, ora\u00e7\u00f5es durante todo o dia, aconselhamentos, assist\u00eancia social e 20 hs &#8211; culto e no dia 30\/12 &#8211; caf\u00e9 e almo\u00e7o com os moradores de rua, atendimento social, ora\u00e7\u00f5es durante todo o dia, aconselhamentos, matin\u00eas com crian\u00e7as e 20 hs &#8211; culto de encerramento.<\/span><\/p>\n<p><a href=\"http:\/\/www.portalmantena.com.br\/novo\/wp-content\/uploads\/2018\/12\/no271218culto3.jpg\"><img loading=\"lazy\" class=\"alignnone size-full wp-image-42269\" src=\"http:\/\/www.portalmantena.com.br\/novo\/wp-content\/uploads\/2018\/12\/no271218culto3.jpg\" alt=\"\" width=\"700\" height=\"450\" srcset=\"http:\/\/www.portalmantena.com.br\/novo\/wp-content\/uploads\/2018\/12\/no271218culto3.jpg 700w, http:\/\/www.portalmantena.com.br\/novo\/wp-content\/uploads\/2018\/12\/no271218culto3-300x193.jpg 300w, http:\/\/www.portalmantena.com.br\/novo\/wp-content\/uploads\/2018\/12\/no271218culto3-696x447.jpg 696w, http:\/\/www.portalmantena.com.br\/novo\/wp-content\/uploads\/2018\/12\/no271218culto3-653x420.jpg 653w\" sizes=\"(max-width: 700px) 100vw, 700px\" \/><\/a> <a href=\"http:\/\/www.portalmantena.com.br\/novo\/wp-content\/uploads\/2018\/12\/no271218culto4.jpg\"><img loading=\"lazy\" class=\"alignnone size-full wp-image-42270\" src=\"http:\/\/www.portalmantena.com.br\/novo\/wp-content\/uploads\/2018\/12\/no271218culto4.jpg\" alt=\"\" width=\"700\" height=\"450\" srcset=\"http:\/\/www.portalmantena.com.br\/novo\/wp-content\/uploads\/2018\/12\/no271218culto4.jpg 700w, http:\/\/www.portalmantena.com.br\/novo\/wp-content\/uploads\/2018\/12\/no271218culto4-300x193.jpg 300w, http:\/\/www.portalmantena.com.br\/novo\/wp-content\/uploads\/2018\/12\/no271218culto4-696x447.jpg 696w, http:\/\/www.portalmantena.com.br\/novo\/wp-content\/uploads\/2018\/12\/no271218culto4-653x420.jpg 653w\" sizes=\"(max-width: 700px) 100vw, 700px\" \/><\/a><a href=\"http:\/\/www.portalmantena.com.br\/novo\/wp-content\/uploads\/2018\/12\/no271218culto1.jpg\"><img loading=\"lazy\" class=\"alignnone size-full wp-image-42267\" src=\"http:\/\/www.portalmantena.com.br\/novo\/wp-content\/uploads\/2018\/12\/no271218culto1.jpg\" alt=\"\" width=\"700\" height=\"450\" srcset=\"http:\/\/www.portalmantena.com.br\/novo\/wp-content\/uploads\/2018\/12\/no271218culto1.jpg 700w, http:\/\/www.portalmantena.com.br\/novo\/wp-content\/uploads\/2018\/12\/no271218culto1-300x193.jpg 300w, http:\/\/www.portalmantena.com.br\/novo\/wp-content\/uploads\/2018\/12\/no271218culto1-696x447.jpg 696w, http:\/\/www.portalmantena.com.br\/novo\/wp-content\/uploads\/2018\/12\/no271218culto1-653x420.jpg 653w\" sizes=\"(max-width: 700px) 100vw, 700px\" \/><\/a><\/p>\n<p><a href=\"http:\/\/www.portalmantena.com.br\/novo\/\"><img loading=\"lazy\" class=\"alignnone size-full wp-image-37331\" src=\"http:\/\/www.portalmantena.com.br\/novo\/wp-content\/uploads\/2018\/05\/faixaportalnoticias5.jpg\" alt=\"\" width=\"700\" height=\"40\" srcset=\"http:\/\/www.portalmantena.com.br\/novo\/wp-content\/uploads\/2018\/05\/faixaportalnoticias5.jpg 700w, http:\/\/www.portalmantena.com.br\/novo\/wp-content\/uploads\/2018\/05\/faixaportalnoticias5-300x17.jpg 300w, http:\/\/www.portalmantena.com.br\/novo\/wp-content\/uploads\/2018\/05\/faixaportalnoticias5-696x40.jpg 696w\" sizes=\"(max-width: 700px) 100vw, 700px\" \/><\/a><\/p>\n<p><span style=\"font-size: 10pt;\">ESPA\u00c7O EMPRESARIAL<\/span><a href=\"https:\/\/www.facebook.com\/Tekol-Basic-1148561818529027\/\"><img src=\"http:\/\/www.portalmantena.com.br\/novo\/wp-content\/uploads\/2018\/12\/tekol051218a-1.jpg\" \/><\/a><\/p>\n","protected":false},"excerpt":{"rendered":"<p>Teve in\u00edcio na noite desta quarta-feira dia 26 de Dezembro em Barra de S\u00e3o Francisco, um evento chamado \u201cRua da Virada\u201d, com um prop\u00f3sito, prof\u00e9tico, evangel\u00edstico, social e de intercess\u00e3o. O evento se encerra dia 30 (domingo), e durante estes dias, uma bela e confort\u00e1vel estrutura foi montada na rua Coronel Djalma Borges, no centro [&hellip;]<\/p>\n","protected":false},"author":1,"featured_media":42268,"comment_status":"open","ping_status":"open","sticky":false,"template":"","format":"standard","meta":[],"categories":[69,39],"tags":[],"_links":{"self":[{"href":"http:\/\/www.portalmantena.com.br\/novo\/index.php?rest_route=\/wp\/v2\/posts\/42266"}],"collection":[{"href":"http:\/\/www.portalmantena.com.br\/novo\/index.php?rest_route=\/wp\/v2\/posts"}],"about":[{"href":"http:\/\/www.portalmantena.com.br\/novo\/index.php?rest_route=\/wp\/v2\/types\/post"}],"author":[{"embeddable":true,"href":"http:\/\/www.portalmantena.com.br\/novo\/index.php?rest_route=\/wp\/v2\/users\/1"}],"replies":[{"embeddable":true,"href":"http:\/\/www.portalmantena.com.br\/novo\/index.php?rest_route=%2Fwp%2Fv2%2Fcomments&post=42266"}],"version-history":[{"count":1,"href":"http:\/\/www.portalmantena.com.br\/novo\/index.php?rest_route=\/wp\/v2\/posts\/42266\/revisions"}],"predecessor-version":[{"id":42271,"href":"http:\/\/www.portalmantena.com.br\/novo\/index.php?rest_route=\/wp\/v2\/posts\/42266\/revisions\/42271"}],"wp:featuredmedia":[{"embeddable":true,"href":"http:\/\/www.portalmantena.com.br\/novo\/index.php?rest_route=\/wp\/v2\/media\/42268"}],"wp:attachment":[{"href":"http:\/\/www.portalmantena.com.br\/novo\/index.php?rest_route=%2Fwp%2Fv2%2Fmedia&parent=42266"}],"wp:term":[{"taxonomy":"category","embeddable":true,"href":"http:\/\/www.portalmantena.com.br\/novo\/index.php?rest_route=%2Fwp%2Fv2%2Fcategories&post=42266"},{"taxonomy":"post_tag","embeddable":true,"href":"http:\/\/www.portalmantena.com.br\/novo\/index.php?rest_route=%2Fwp%2Fv2%2Ftags&post=42266"}],"curies":[{"name":"wp","href":"https:\/\/api.w.org\/{rel}","templated":true}]}}