{"id":42262,"date":"2018-12-27T13:38:19","date_gmt":"2018-12-27T15:38:19","guid":{"rendered":"http:\/\/www.portalmantena.com.br\/novo\/?p=42262"},"modified":"2018-12-27T13:39:38","modified_gmt":"2018-12-27T15:39:38","slug":"a-melhor-virada-da-sua-vida","status":"publish","type":"post","link":"http:\/\/www.portalmantena.com.br\/novo\/?p=42262","title":{"rendered":"A MELHOR VIRADA DA SUA VIDA!"},"content":{"rendered":"<p><a href=\"http:\/\/www.portalmantena.com.br\/novo\/wp-content\/uploads\/2017\/08\/reflexao1.jpg\"><img loading=\"lazy\" class=\"alignnone size-full wp-image-12987\" src=\"http:\/\/www.portalmantena.com.br\/novo\/wp-content\/uploads\/2017\/08\/reflexao1.jpg\" alt=\"\" width=\"325\" height=\"180\" srcset=\"http:\/\/www.portalmantena.com.br\/novo\/wp-content\/uploads\/2017\/08\/reflexao1.jpg 325w, http:\/\/www.portalmantena.com.br\/novo\/wp-content\/uploads\/2017\/08\/reflexao1-300x166.jpg 300w, http:\/\/www.portalmantena.com.br\/novo\/wp-content\/uploads\/2017\/08\/reflexao1-324x180.jpg 324w\" sizes=\"(max-width: 325px) 100vw, 325px\" \/><\/a><\/p>\n<p>27 de\u00a0Dezembro<\/p>\n<p><span style=\"font-size: 18pt;\"><strong>A MELHOR VIRADA DA SUA VIDA!<\/strong><\/span><\/p>\n<p><span style=\"font-size: 14pt;\">Normalmente, denominamos a passagem de um ano para o outro como \u201cvirada\u201d. Alguns preferem chamar de \u201cr\u00e9veillon\u201d que \u00e9 uma palavra francesa que significa \u201cuma noite muito longa\u201d, como uma alus\u00e3o ao tempo em que as pessoas ficam acordadas celebrando. <\/span><\/p>\n<p><span style=\"font-size: 14pt;\">Pois bem, infelizmente, para muitos \u00e9 s\u00f3 isso, ou seja, uma noite \u201clonga\u201d de celebra\u00e7\u00e3o! Embora isso seja muito bom, pois o clima de festa garante o bem-estar, a verdade \u00e9 que isso \u00e9 muito pouco pelo potencial que a noite da virada tem! Digo isso pela propriedade que a data oferece de fazer uma esp\u00e9cie de \u201cbalan\u00e7o de vida\u201d. <\/span><\/p>\n<p><span style=\"font-size: 14pt;\">E este \u00e9 o ponto que mais nos interessa na passagem de ano, pois uma virada, como se prop\u00f5e a noite do dia 31 de dezembro para o dia 1\u00ba de janeiro, deve provocar em n\u00f3s reflex\u00f5es e, principalmente, decis\u00f5es. Justamente por entender a necessidade de estabelecer uma virada de verdade, gostaria de usar este espa\u00e7o pastoral para fazer algumas considera\u00e7\u00f5es nesta reta final de ano. Ei-las:<\/span><br \/>\n<span style=\"font-size: 14pt;\"><strong> 1)<\/strong> Se quiser marcar a virada deste ano como a melhor de sua vida, trate seus relacionamentos como oportunidades de urg\u00eancia em sua vida! Exatamente no dia 31 de dezembro do ano passado, ou seja, 2017, fiz algumas liga\u00e7\u00f5es para algumas pessoas que me eram mui caras! Dentre elas estava meu cunhado Pedro Marcelo Buzza. Foram poucos minutos de uma conversa muito agrad\u00e1vel! Mutuamente, desejamo-nos um ano de 2018 feliz e aben\u00e7oado. Ele era jovem, e apesar de lidar, por for\u00e7a do of\u00edcio pastoral, como muitas mortes o tempo todo, jamais poderia imaginar que ele morreria em maio. Aquela foi uma das \u00faltimas vezes em que falei com ele. Certamente, se soubesse que n\u00e3o estaria mais aqui, eu teria ficado mais tempo ao telefone com ele! Quem sabe, at\u00e9 sairia pela manh\u00e3 para ir at\u00e9 \u00e0 sua casa s\u00f3 para lhe dar um abra\u00e7o! Consegue perceber o quanto nossos relacionamentos s\u00e3o oportunidades de urg\u00eancia? N\u00e3o deixe para amanh\u00e3 aquilo que voc\u00ea pode fazer pelas pessoas importantes da sua vida. N\u00e3o as machuque, nem perca tempo se afastando delas por coisas insignificantes. A virada de um ano denuncia que o tempo est\u00e1 passando rapidamente. Pese nisso!\u00a0<\/span><br \/>\n<span style=\"font-size: 14pt;\"><strong> 2)<\/strong> Se quiser marcar a virada deste ano como a melhor de sua vida, seja mais decisivo em quest\u00f5es determinantes \u00e0 sua felicidade! A era contempor\u00e2nea tem sido marcada pela procrastina\u00e7\u00e3o, isto \u00e9, o ato ou efeito de adiar comportamentos. Pessoas afeitas \u00e0 procrastina\u00e7\u00e3o empurram suas decis\u00f5es para depois. S\u00e3o caracterizadas pela omiss\u00e3o e pela incapacidade de definir aspectos importantes em sua exist\u00eancia. V\u00e3o adiando por falta de coragem, e posicionamento definido. Tais pessoas n\u00e3o conseguem se formar em nada. Afinal, demoram muito para \u201cdizer a que vieram ao mundo\u201d. T\u00eam dificuldade de fazer os ajustes necess\u00e1rios em sua vida. Custam a se responsabilizar pela sa\u00fade, pela fam\u00edlia, pela carreira profissional, pela vida espiritual etc. S\u00e3o eternas crian\u00e7as mimadas! A virada do ano est\u00e1 nos permitindo uma nova chance de fazer acontecer. Por isso, n\u00e3o deixemos para amanh\u00e3 as decis\u00f5es que nos competem para fazer a vida acontecer agora! Tome decis\u00f5es e trabalhe para que elas sejam realidade!<\/span><br \/>\n<span style=\"font-size: 14pt;\"><strong> 3)<\/strong> Se quiser marcar a virada deste ano como a melhor de sua vida, anule todo e qualquer flerte com a amargura! Sei que nem sempre a vida \u00e9 doce! Por vezes, somos tra\u00eddos, decepcionados e ofendidos. Infelizmente, isso est\u00e1 fora do nosso controle! Mas a forma como vamos administrar isso em nosso cora\u00e7\u00e3o \u00e9 uma decis\u00e3o nossa. Isto \u00e9, eu n\u00e3o posso impedir que me machuquem, mas posso decidir como vou lidar com os machucados. Pessoas amargas s\u00e3o aquelas que t\u00eam dificuldade de perdoar e seguir em frente. S\u00e3o \u201cescravas\u201d das frustra\u00e7\u00f5es. Quem vive assim \u00e9 prejudicado duas vezes, ou seja, uma quando recebe a afronta e outra quando cria a raiz de amargura. Caro leitor, sua vida \u00e9 curta demais para ser desperdi\u00e7ada com tanta m\u00e1goa! N\u00e3o contamine seus dias aqui na terra com tal infort\u00fanio! Libere perd\u00e3o e se preocupe menos com o que fazem ou deixam de fazer, com o que falam ou deixam de falar. Seja feliz e viva em paz!<\/span><br \/>\n<span style=\"font-size: 14pt;\"><strong> 4)<\/strong> Se quiser marcar a virada deste ano como a melhor de sua vida, aproxime-se mais de Deus! Decididamente, a dist\u00e2ncia que estabelecemos entre n\u00f3s e Deus determina o grau de felicidade que viveremos. Andar pr\u00f3ximo \u00e0 Ele estabelece uma parceria que nos garante paz, vit\u00f3ria sobre as lutas e equil\u00edbrio para enfrentar nossos desafios! Andar com Deus significa estar debaixo da promessa! Significa ver os sonhos realizados! Significa ter a salva\u00e7\u00e3o para a eternidade! N\u00e3o abra m\u00e3o de tal proximidade, pois \u00e9 nisso que est\u00e1 o seu sucesso no ano vindouro! Seja-lhe submisso e deixe-o dirigir seus passos, suas palavras, a\u00e7\u00f5es e atitudes! Seja uma pessoa de Deus!\u00a0<\/span><br \/>\n<span style=\"font-size: 14pt;\"> Enfim, tendo em vista tudo o que foi considerado acima, temos em nossas m\u00e3os a chance de promover a maior virada da nossa hist\u00f3ria! Torn\u00e1-la realidade depende de nossa decis\u00e3o. Opte por fazer o ano de 2019 valer a pena! Seja feliz e tenha um pr\u00f3spero ano novo na presen\u00e7a de Deus!<\/span><br \/>\n<span style=\"font-size: 14pt;\"> Pr. Marcelo Petrucci da Silva.<\/span><\/p>\n","protected":false},"excerpt":{"rendered":"<p>27 de\u00a0Dezembro A MELHOR VIRADA DA SUA VIDA! Normalmente, denominamos a passagem de um ano para o outro como \u201cvirada\u201d. Alguns preferem chamar de \u201cr\u00e9veillon\u201d que \u00e9 uma palavra francesa que significa \u201cuma noite muito longa\u201d, como uma alus\u00e3o ao tempo em que as pessoas ficam acordadas celebrando. Pois bem, infelizmente, para muitos \u00e9 s\u00f3 [&hellip;]<\/p>\n","protected":false},"author":1,"featured_media":42263,"comment_status":"open","ping_status":"open","sticky":false,"template":"","format":"standard","meta":[],"categories":[56],"tags":[],"_links":{"self":[{"href":"http:\/\/www.portalmantena.com.br\/novo\/index.php?rest_route=\/wp\/v2\/posts\/42262"}],"collection":[{"href":"http:\/\/www.portalmantena.com.br\/novo\/index.php?rest_route=\/wp\/v2\/posts"}],"about":[{"href":"http:\/\/www.portalmantena.com.br\/novo\/index.php?rest_route=\/wp\/v2\/types\/post"}],"author":[{"embeddable":true,"href":"http:\/\/www.portalmantena.com.br\/novo\/index.php?rest_route=\/wp\/v2\/users\/1"}],"replies":[{"embeddable":true,"href":"http:\/\/www.portalmantena.com.br\/novo\/index.php?rest_route=%2Fwp%2Fv2%2Fcomments&post=42262"}],"version-history":[{"count":2,"href":"http:\/\/www.portalmantena.com.br\/novo\/index.php?rest_route=\/wp\/v2\/posts\/42262\/revisions"}],"predecessor-version":[{"id":42265,"href":"http:\/\/www.portalmantena.com.br\/novo\/index.php?rest_route=\/wp\/v2\/posts\/42262\/revisions\/42265"}],"wp:featuredmedia":[{"embeddable":true,"href":"http:\/\/www.portalmantena.com.br\/novo\/index.php?rest_route=\/wp\/v2\/media\/42263"}],"wp:attachment":[{"href":"http:\/\/www.portalmantena.com.br\/novo\/index.php?rest_route=%2Fwp%2Fv2%2Fmedia&parent=42262"}],"wp:term":[{"taxonomy":"category","embeddable":true,"href":"http:\/\/www.portalmantena.com.br\/novo\/index.php?rest_route=%2Fwp%2Fv2%2Fcategories&post=42262"},{"taxonomy":"post_tag","embeddable":true,"href":"http:\/\/www.portalmantena.com.br\/novo\/index.php?rest_route=%2Fwp%2Fv2%2Ftags&post=42262"}],"curies":[{"name":"wp","href":"https:\/\/api.w.org\/{rel}","templated":true}]}}