{"id":42152,"date":"2018-12-26T10:14:46","date_gmt":"2018-12-26T12:14:46","guid":{"rendered":"http:\/\/www.portalmantena.com.br\/novo\/?p=42152"},"modified":"2018-12-26T10:14:46","modified_gmt":"2018-12-26T12:14:46","slug":"idosa-fica-ferida-apos-cair-de-bicicleta-em-canal","status":"publish","type":"post","link":"http:\/\/www.portalmantena.com.br\/novo\/?p=42152","title":{"rendered":"Idosa fica ferida ap\u00f3s cair de bicicleta em canal"},"content":{"rendered":"<p>&nbsp;<\/p>\n<p><span style=\"font-size: 14pt;\">No final da tarde desta segunda-feira dia 24 de Dezembro, v\u00e9spera de natal, uma ciclista ficou ferida ap\u00f3s cair em um canal na cidade de Governador Valadares. <\/span><\/p>\n<p><span style=\"font-size: 14pt;\">Segundo o Corpo de Bombeiros, a v\u00edtima, de 64 anos, perdeu o controle da bicicleta e caiu em um canal, que corta os Bairros Vila Mariana e Altin\u00f3polis. <\/span><\/p>\n<p><span style=\"font-size: 14pt;\">Ainda de acordo com os militares, a idosa foi resgatada com suspeita de traumatismo craniano grave e encaminhada para o Hospital Municipal. O\u00a0<strong>G1<\/strong>\u00a0n\u00e3o conseguiu atualizar o estado de sa\u00fade dela e as causas do acidente s\u00e3o apuradas. (fonte:g1\/vales).<\/span><\/p>\n<p><a href=\"http:\/\/www.portalmantena.com.br\/novo\/\"><img loading=\"lazy\" class=\"alignnone size-full wp-image-37331\" src=\"http:\/\/www.portalmantena.com.br\/novo\/wp-content\/uploads\/2018\/05\/faixaportalnoticias5.jpg\" alt=\"\" width=\"700\" height=\"40\" srcset=\"http:\/\/www.portalmantena.com.br\/novo\/wp-content\/uploads\/2018\/05\/faixaportalnoticias5.jpg 700w, http:\/\/www.portalmantena.com.br\/novo\/wp-content\/uploads\/2018\/05\/faixaportalnoticias5-300x17.jpg 300w, http:\/\/www.portalmantena.com.br\/novo\/wp-content\/uploads\/2018\/05\/faixaportalnoticias5-696x40.jpg 696w\" sizes=\"(max-width: 700px) 100vw, 700px\" \/><\/a><\/p>\n<p><span style=\"font-size: 10pt;\">ESPA\u00c7O EMPRESARIAL<\/span><a href=\"https:\/\/www.facebook.com\/lojaeletrocellcelulares\/\"><img loading=\"lazy\" class=\"alignnone size-full wp-image-37660\" src=\"http:\/\/www.portalmantena.com.br\/novo\/wp-content\/uploads\/2018\/05\/eletrocel1.jpg\" alt=\"\" width=\"700\" height=\"150\" srcset=\"http:\/\/www.portalmantena.com.br\/novo\/wp-content\/uploads\/2018\/05\/eletrocel1.jpg 700w, http:\/\/www.portalmantena.com.br\/novo\/wp-content\/uploads\/2018\/05\/eletrocel1-300x64.jpg 300w, http:\/\/www.portalmantena.com.br\/novo\/wp-content\/uploads\/2018\/05\/eletrocel1-696x150.jpg 696w\" sizes=\"(max-width: 700px) 100vw, 700px\" \/><\/a><\/p>\n","protected":false},"excerpt":{"rendered":"<p>&nbsp; No final da tarde desta segunda-feira dia 24 de Dezembro, v\u00e9spera de natal, uma ciclista ficou ferida ap\u00f3s cair em um canal na cidade de Governador Valadares. Segundo o Corpo de Bombeiros, a v\u00edtima, de 64 anos, perdeu o controle da bicicleta e caiu em um canal, que corta os Bairros Vila Mariana e [&hellip;]<\/p>\n","protected":false},"author":1,"featured_media":0,"comment_status":"open","ping_status":"open","sticky":false,"template":"","format":"standard","meta":[],"categories":[24],"tags":[],"_links":{"self":[{"href":"http:\/\/www.portalmantena.com.br\/novo\/index.php?rest_route=\/wp\/v2\/posts\/42152"}],"collection":[{"href":"http:\/\/www.portalmantena.com.br\/novo\/index.php?rest_route=\/wp\/v2\/posts"}],"about":[{"href":"http:\/\/www.portalmantena.com.br\/novo\/index.php?rest_route=\/wp\/v2\/types\/post"}],"author":[{"embeddable":true,"href":"http:\/\/www.portalmantena.com.br\/novo\/index.php?rest_route=\/wp\/v2\/users\/1"}],"replies":[{"embeddable":true,"href":"http:\/\/www.portalmantena.com.br\/novo\/index.php?rest_route=%2Fwp%2Fv2%2Fcomments&post=42152"}],"version-history":[{"count":1,"href":"http:\/\/www.portalmantena.com.br\/novo\/index.php?rest_route=\/wp\/v2\/posts\/42152\/revisions"}],"predecessor-version":[{"id":42153,"href":"http:\/\/www.portalmantena.com.br\/novo\/index.php?rest_route=\/wp\/v2\/posts\/42152\/revisions\/42153"}],"wp:attachment":[{"href":"http:\/\/www.portalmantena.com.br\/novo\/index.php?rest_route=%2Fwp%2Fv2%2Fmedia&parent=42152"}],"wp:term":[{"taxonomy":"category","embeddable":true,"href":"http:\/\/www.portalmantena.com.br\/novo\/index.php?rest_route=%2Fwp%2Fv2%2Fcategories&post=42152"},{"taxonomy":"post_tag","embeddable":true,"href":"http:\/\/www.portalmantena.com.br\/novo\/index.php?rest_route=%2Fwp%2Fv2%2Ftags&post=42152"}],"curies":[{"name":"wp","href":"https:\/\/api.w.org\/{rel}","templated":true}]}}