{"id":42145,"date":"2018-12-26T10:10:31","date_gmt":"2018-12-26T12:10:31","guid":{"rendered":"http:\/\/www.portalmantena.com.br\/novo\/?p=42145"},"modified":"2018-12-26T10:10:54","modified_gmt":"2018-12-26T12:10:54","slug":"pm-ambiental-faz-acao-solidaria-neste-natal-em-mantena","status":"publish","type":"post","link":"http:\/\/www.portalmantena.com.br\/novo\/?p=42145","title":{"rendered":"PM Ambiental fez a\u00e7\u00e3o solid\u00e1ria neste Natal em Mantena"},"content":{"rendered":"<p><a href=\"http:\/\/www.portalmantena.com.br\/novo\/wp-content\/uploads\/2018\/12\/no261218ambi1.jpg\"><img loading=\"lazy\" class=\"alignnone size-full wp-image-42146\" src=\"http:\/\/www.portalmantena.com.br\/novo\/wp-content\/uploads\/2018\/12\/no261218ambi1.jpg\" alt=\"\" width=\"700\" height=\"450\" srcset=\"http:\/\/www.portalmantena.com.br\/novo\/wp-content\/uploads\/2018\/12\/no261218ambi1.jpg 700w, http:\/\/www.portalmantena.com.br\/novo\/wp-content\/uploads\/2018\/12\/no261218ambi1-300x193.jpg 300w, http:\/\/www.portalmantena.com.br\/novo\/wp-content\/uploads\/2018\/12\/no261218ambi1-696x447.jpg 696w, http:\/\/www.portalmantena.com.br\/novo\/wp-content\/uploads\/2018\/12\/no261218ambi1-653x420.jpg 653w\" sizes=\"(max-width: 700px) 100vw, 700px\" \/><\/a><\/p>\n<p><span style=\"font-size: 14pt;\">Uma a\u00e7\u00e3o social e que aproxima ainda mais a Pol\u00edcia militar com a comunidade foi realizada na \u00faltima semana por policiais militares do destacamento de Meio Ambiente em Mantena. <\/span><\/p>\n<p><span style=\"font-size: 14pt;\">Em virtude das festividades de Natal a Pol\u00edcia Militar de Meio Ambiente, a 8 Cia PM Mamb atrav\u00e9s do GPMamb de Mantena realizou a atividade solid\u00e1ria de distribui\u00e7\u00e3o de brinquedos em comunidades carentes na zona rural do munic\u00edpio de Mantena. <\/span><\/p>\n<p><span style=\"font-size: 14pt;\">Crian\u00e7as receberam brinquedos e guloseimas, demonstrando toda alegria ao serem surpreendidas pelos presentes. Momentos de alegria e de gratid\u00e3o pela lembran\u00e7a neste Natal. (fonte\/foto:PM).<\/span><\/p>\n<p><a href=\"http:\/\/www.portalmantena.com.br\/novo\/wp-content\/uploads\/2018\/12\/no261218ambi2.jpg\"><img loading=\"lazy\" class=\"alignnone size-full wp-image-42147\" src=\"http:\/\/www.portalmantena.com.br\/novo\/wp-content\/uploads\/2018\/12\/no261218ambi2.jpg\" alt=\"\" width=\"700\" height=\"450\" srcset=\"http:\/\/www.portalmantena.com.br\/novo\/wp-content\/uploads\/2018\/12\/no261218ambi2.jpg 700w, http:\/\/www.portalmantena.com.br\/novo\/wp-content\/uploads\/2018\/12\/no261218ambi2-300x193.jpg 300w, http:\/\/www.portalmantena.com.br\/novo\/wp-content\/uploads\/2018\/12\/no261218ambi2-696x447.jpg 696w, http:\/\/www.portalmantena.com.br\/novo\/wp-content\/uploads\/2018\/12\/no261218ambi2-653x420.jpg 653w\" sizes=\"(max-width: 700px) 100vw, 700px\" \/><\/a> <a href=\"http:\/\/www.portalmantena.com.br\/novo\/wp-content\/uploads\/2018\/12\/no261218ambi3.jpg\"><img loading=\"lazy\" class=\"alignnone size-full wp-image-42148\" src=\"http:\/\/www.portalmantena.com.br\/novo\/wp-content\/uploads\/2018\/12\/no261218ambi3.jpg\" alt=\"\" width=\"700\" height=\"450\" srcset=\"http:\/\/www.portalmantena.com.br\/novo\/wp-content\/uploads\/2018\/12\/no261218ambi3.jpg 700w, http:\/\/www.portalmantena.com.br\/novo\/wp-content\/uploads\/2018\/12\/no261218ambi3-300x193.jpg 300w, http:\/\/www.portalmantena.com.br\/novo\/wp-content\/uploads\/2018\/12\/no261218ambi3-696x447.jpg 696w, http:\/\/www.portalmantena.com.br\/novo\/wp-content\/uploads\/2018\/12\/no261218ambi3-653x420.jpg 653w\" sizes=\"(max-width: 700px) 100vw, 700px\" \/><\/a> <a href=\"http:\/\/www.portalmantena.com.br\/novo\/wp-content\/uploads\/2018\/12\/no261218ambi4.jpg\"><img loading=\"lazy\" class=\"alignnone size-full wp-image-42149\" src=\"http:\/\/www.portalmantena.com.br\/novo\/wp-content\/uploads\/2018\/12\/no261218ambi4.jpg\" alt=\"\" width=\"700\" height=\"450\" srcset=\"http:\/\/www.portalmantena.com.br\/novo\/wp-content\/uploads\/2018\/12\/no261218ambi4.jpg 700w, http:\/\/www.portalmantena.com.br\/novo\/wp-content\/uploads\/2018\/12\/no261218ambi4-300x193.jpg 300w, http:\/\/www.portalmantena.com.br\/novo\/wp-content\/uploads\/2018\/12\/no261218ambi4-696x447.jpg 696w, http:\/\/www.portalmantena.com.br\/novo\/wp-content\/uploads\/2018\/12\/no261218ambi4-653x420.jpg 653w\" sizes=\"(max-width: 700px) 100vw, 700px\" \/><\/a><\/p>\n<p><a href=\"http:\/\/www.portalmantena.com.br\/novo\/\"><img loading=\"lazy\" class=\"alignnone size-full wp-image-37331\" src=\"http:\/\/www.portalmantena.com.br\/novo\/wp-content\/uploads\/2018\/05\/faixaportalnoticias5.jpg\" alt=\"\" width=\"700\" height=\"40\" srcset=\"http:\/\/www.portalmantena.com.br\/novo\/wp-content\/uploads\/2018\/05\/faixaportalnoticias5.jpg 700w, http:\/\/www.portalmantena.com.br\/novo\/wp-content\/uploads\/2018\/05\/faixaportalnoticias5-300x17.jpg 300w, http:\/\/www.portalmantena.com.br\/novo\/wp-content\/uploads\/2018\/05\/faixaportalnoticias5-696x40.jpg 696w\" sizes=\"(max-width: 700px) 100vw, 700px\" \/><\/a><\/p>\n<p><span style=\"font-size: 10pt;\">ESPA\u00c7O EMPRESARIAL<\/span><img loading=\"lazy\" class=\"alignnone size-full wp-image-30339\" src=\"http:\/\/www.portalmantena.com.br\/novo\/wp-content\/uploads\/2018\/05\/casadastintas.jpg\" alt=\"\" width=\"700\" height=\"150\" srcset=\"http:\/\/www.portalmantena.com.br\/novo\/wp-content\/uploads\/2018\/05\/casadastintas.jpg 700w, http:\/\/www.portalmantena.com.br\/novo\/wp-content\/uploads\/2018\/05\/casadastintas-300x64.jpg 300w, http:\/\/www.portalmantena.com.br\/novo\/wp-content\/uploads\/2018\/05\/casadastintas-696x150.jpg 696w\" sizes=\"(max-width: 700px) 100vw, 700px\" \/><\/p>\n","protected":false},"excerpt":{"rendered":"<p>Uma a\u00e7\u00e3o social e que aproxima ainda mais a Pol\u00edcia militar com a comunidade foi realizada na \u00faltima semana por policiais militares do destacamento de Meio Ambiente em Mantena. Em virtude das festividades de Natal a Pol\u00edcia Militar de Meio Ambiente, a 8 Cia PM Mamb atrav\u00e9s do GPMamb de Mantena realizou a atividade solid\u00e1ria [&hellip;]<\/p>\n","protected":false},"author":1,"featured_media":42146,"comment_status":"open","ping_status":"open","sticky":false,"template":"","format":"standard","meta":[],"categories":[11],"tags":[],"_links":{"self":[{"href":"http:\/\/www.portalmantena.com.br\/novo\/index.php?rest_route=\/wp\/v2\/posts\/42145"}],"collection":[{"href":"http:\/\/www.portalmantena.com.br\/novo\/index.php?rest_route=\/wp\/v2\/posts"}],"about":[{"href":"http:\/\/www.portalmantena.com.br\/novo\/index.php?rest_route=\/wp\/v2\/types\/post"}],"author":[{"embeddable":true,"href":"http:\/\/www.portalmantena.com.br\/novo\/index.php?rest_route=\/wp\/v2\/users\/1"}],"replies":[{"embeddable":true,"href":"http:\/\/www.portalmantena.com.br\/novo\/index.php?rest_route=%2Fwp%2Fv2%2Fcomments&post=42145"}],"version-history":[{"count":2,"href":"http:\/\/www.portalmantena.com.br\/novo\/index.php?rest_route=\/wp\/v2\/posts\/42145\/revisions"}],"predecessor-version":[{"id":42151,"href":"http:\/\/www.portalmantena.com.br\/novo\/index.php?rest_route=\/wp\/v2\/posts\/42145\/revisions\/42151"}],"wp:featuredmedia":[{"embeddable":true,"href":"http:\/\/www.portalmantena.com.br\/novo\/index.php?rest_route=\/wp\/v2\/media\/42146"}],"wp:attachment":[{"href":"http:\/\/www.portalmantena.com.br\/novo\/index.php?rest_route=%2Fwp%2Fv2%2Fmedia&parent=42145"}],"wp:term":[{"taxonomy":"category","embeddable":true,"href":"http:\/\/www.portalmantena.com.br\/novo\/index.php?rest_route=%2Fwp%2Fv2%2Fcategories&post=42145"},{"taxonomy":"post_tag","embeddable":true,"href":"http:\/\/www.portalmantena.com.br\/novo\/index.php?rest_route=%2Fwp%2Fv2%2Ftags&post=42145"}],"curies":[{"name":"wp","href":"https:\/\/api.w.org\/{rel}","templated":true}]}}