{"id":42003,"date":"2018-12-21T03:11:19","date_gmt":"2018-12-21T05:11:19","guid":{"rendered":"http:\/\/www.portalmantena.com.br\/novo\/?p=42003"},"modified":"2018-12-21T08:21:11","modified_gmt":"2018-12-21T10:21:11","slug":"funcionarios-do-itau-recebem-o-carinho-de-uma-mantenense","status":"publish","type":"post","link":"http:\/\/www.portalmantena.com.br\/novo\/?p=42003","title":{"rendered":"Funcion\u00e1rios do Ita\u00fa recebem o carinho de uma mantenense"},"content":{"rendered":"<p><a href=\"http:\/\/www.portalmantena.com.br\/novo\/wp-content\/uploads\/2018\/12\/vi201218itau.jpg\"><img loading=\"lazy\" class=\"alignnone size-full wp-image-42004\" src=\"http:\/\/www.portalmantena.com.br\/novo\/wp-content\/uploads\/2018\/12\/vi201218itau.jpg\" alt=\"\" width=\"700\" height=\"450\" srcset=\"http:\/\/www.portalmantena.com.br\/novo\/wp-content\/uploads\/2018\/12\/vi201218itau.jpg 700w, http:\/\/www.portalmantena.com.br\/novo\/wp-content\/uploads\/2018\/12\/vi201218itau-300x193.jpg 300w, http:\/\/www.portalmantena.com.br\/novo\/wp-content\/uploads\/2018\/12\/vi201218itau-696x447.jpg 696w, http:\/\/www.portalmantena.com.br\/novo\/wp-content\/uploads\/2018\/12\/vi201218itau-653x420.jpg 653w\" sizes=\"(max-width: 700px) 100vw, 700px\" \/><\/a><\/p>\n<p><span style=\"font-size: 14pt;\">Um momento de carinho, descontra\u00e7\u00e3o e reconhecimento pelos servi\u00e7os prestados \u00e0 comunidade. <\/span><\/p>\n<p><span style=\"font-size: 14pt;\">Uma senhora mantenense, dona Lin\u00e9zia, presentou todos funcion\u00e1rios da ag\u00eancia do Banco Ita\u00fa em Mantena com uma lembrancinha nesta quinta-feira (20), marcando assim este momento de festas que antecedem ao Natal e \u00e0s comemora\u00e7\u00f5es de fim de ano, uma a\u00e7\u00e3o de carinho e amor. <\/span><\/p>\n<p><span style=\"font-size: 14pt;\">Como \u00e9 bom mostrar atitudes assim, quem sabe outras pessoas tamb\u00e9m fa\u00e7am belas demonstra\u00e7\u00f5es de carinho como esta, abra\u00e7ando pessoas, demonstrando carinho e aten\u00e7\u00e3o, sendo mais gentil e vivendo melhor junto \u00e0 comunidade. (foto:Rafael Rocha).<\/span><\/p>\n<p><a href=\"http:\/\/www.portalmantena.com.br\/novo\/\"><img loading=\"lazy\" class=\"alignnone size-full wp-image-37296\" src=\"http:\/\/www.portalmantena.com.br\/novo\/wp-content\/uploads\/2018\/05\/faixavitrine2.jpg\" alt=\"\" width=\"700\" height=\"40\" srcset=\"http:\/\/www.portalmantena.com.br\/novo\/wp-content\/uploads\/2018\/05\/faixavitrine2.jpg 700w, http:\/\/www.portalmantena.com.br\/novo\/wp-content\/uploads\/2018\/05\/faixavitrine2-300x17.jpg 300w, http:\/\/www.portalmantena.com.br\/novo\/wp-content\/uploads\/2018\/05\/faixavitrine2-696x40.jpg 696w\" sizes=\"(max-width: 700px) 100vw, 700px\" \/><\/a><\/p>\n<p><span style=\"font-size: 10pt;\">ESPA\u00c7O EMPRESARIAL<\/span><a href=\"https:\/\/www.facebook.com\/redevalente\/\"><img loading=\"lazy\" class=\"alignnone size-full wp-image-29188\" src=\"http:\/\/www.portalmantena.com.br\/novo\/wp-content\/uploads\/2018\/05\/valentefaixa.jpg\" alt=\"\" width=\"700\" height=\"150\" srcset=\"http:\/\/www.portalmantena.com.br\/novo\/wp-content\/uploads\/2018\/05\/valentefaixa.jpg 700w, http:\/\/www.portalmantena.com.br\/novo\/wp-content\/uploads\/2018\/05\/valentefaixa-300x64.jpg 300w, http:\/\/www.portalmantena.com.br\/novo\/wp-content\/uploads\/2018\/05\/valentefaixa-696x150.jpg 696w\" sizes=\"(max-width: 700px) 100vw, 700px\" \/><\/a><\/p>\n","protected":false},"excerpt":{"rendered":"<p>Um momento de carinho, descontra\u00e7\u00e3o e reconhecimento pelos servi\u00e7os prestados \u00e0 comunidade. Uma senhora mantenense, dona Lin\u00e9zia, presentou todos funcion\u00e1rios da ag\u00eancia do Banco Ita\u00fa em Mantena com uma lembrancinha nesta quinta-feira (20), marcando assim este momento de festas que antecedem ao Natal e \u00e0s comemora\u00e7\u00f5es de fim de ano, uma a\u00e7\u00e3o de carinho e [&hellip;]<\/p>\n","protected":false},"author":1,"featured_media":42004,"comment_status":"open","ping_status":"open","sticky":false,"template":"","format":"standard","meta":[],"categories":[7],"tags":[],"_links":{"self":[{"href":"http:\/\/www.portalmantena.com.br\/novo\/index.php?rest_route=\/wp\/v2\/posts\/42003"}],"collection":[{"href":"http:\/\/www.portalmantena.com.br\/novo\/index.php?rest_route=\/wp\/v2\/posts"}],"about":[{"href":"http:\/\/www.portalmantena.com.br\/novo\/index.php?rest_route=\/wp\/v2\/types\/post"}],"author":[{"embeddable":true,"href":"http:\/\/www.portalmantena.com.br\/novo\/index.php?rest_route=\/wp\/v2\/users\/1"}],"replies":[{"embeddable":true,"href":"http:\/\/www.portalmantena.com.br\/novo\/index.php?rest_route=%2Fwp%2Fv2%2Fcomments&post=42003"}],"version-history":[{"count":1,"href":"http:\/\/www.portalmantena.com.br\/novo\/index.php?rest_route=\/wp\/v2\/posts\/42003\/revisions"}],"predecessor-version":[{"id":42005,"href":"http:\/\/www.portalmantena.com.br\/novo\/index.php?rest_route=\/wp\/v2\/posts\/42003\/revisions\/42005"}],"wp:featuredmedia":[{"embeddable":true,"href":"http:\/\/www.portalmantena.com.br\/novo\/index.php?rest_route=\/wp\/v2\/media\/42004"}],"wp:attachment":[{"href":"http:\/\/www.portalmantena.com.br\/novo\/index.php?rest_route=%2Fwp%2Fv2%2Fmedia&parent=42003"}],"wp:term":[{"taxonomy":"category","embeddable":true,"href":"http:\/\/www.portalmantena.com.br\/novo\/index.php?rest_route=%2Fwp%2Fv2%2Fcategories&post=42003"},{"taxonomy":"post_tag","embeddable":true,"href":"http:\/\/www.portalmantena.com.br\/novo\/index.php?rest_route=%2Fwp%2Fv2%2Ftags&post=42003"}],"curies":[{"name":"wp","href":"https:\/\/api.w.org\/{rel}","templated":true}]}}