{"id":41871,"date":"2018-12-19T23:55:07","date_gmt":"2018-12-20T01:55:07","guid":{"rendered":"http:\/\/www.portalmantena.com.br\/novo\/?p=41871"},"modified":"2018-12-19T14:07:13","modified_gmt":"2018-12-19T16:07:13","slug":"mantenense-no-1o-encontro-de-motociclistas-em-teofilo-otoni","status":"publish","type":"post","link":"http:\/\/www.portalmantena.com.br\/novo\/?p=41871","title":{"rendered":"Mantenense no 1\u00ba Encontro de Motociclistas em Te\u00f3filo Otoni"},"content":{"rendered":"<p><a href=\"http:\/\/www.portalmantena.com.br\/novo\/wp-content\/uploads\/2018\/12\/vi191218eder1.jpg\"><img loading=\"lazy\" class=\"alignnone size-full wp-image-41872\" src=\"http:\/\/www.portalmantena.com.br\/novo\/wp-content\/uploads\/2018\/12\/vi191218eder1.jpg\" alt=\"\" width=\"700\" height=\"450\" srcset=\"http:\/\/www.portalmantena.com.br\/novo\/wp-content\/uploads\/2018\/12\/vi191218eder1.jpg 700w, http:\/\/www.portalmantena.com.br\/novo\/wp-content\/uploads\/2018\/12\/vi191218eder1-300x193.jpg 300w, http:\/\/www.portalmantena.com.br\/novo\/wp-content\/uploads\/2018\/12\/vi191218eder1-696x447.jpg 696w, http:\/\/www.portalmantena.com.br\/novo\/wp-content\/uploads\/2018\/12\/vi191218eder1-653x420.jpg 653w\" sizes=\"(max-width: 700px) 100vw, 700px\" \/><\/a><\/p>\n<p><span style=\"font-size: 14pt;\">O nosso amigo \u00c9der, Motociclista e Membro do Moto Clube Patriotas ( de Mantena), participando do 1\u00ba Encontro Nacional de Motociclistas na cidade de Te\u00f3filo Otoni\/MG. <\/span><\/p>\n<p><span style=\"font-size: 14pt;\">Evento que aconteceu na sexta dia 14 e s\u00e1bado dia 15 de dezembro. Momentos de descontra\u00e7\u00e3o e bom papo com os amigos motociclistas, evento foi TOP.<\/span><\/p>\n<p><a href=\"http:\/\/www.portalmantena.com.br\/novo\/wp-content\/uploads\/2018\/12\/vi191218eder2.jpg\"><img loading=\"lazy\" class=\"alignnone size-full wp-image-41873\" src=\"http:\/\/www.portalmantena.com.br\/novo\/wp-content\/uploads\/2018\/12\/vi191218eder2.jpg\" alt=\"\" width=\"700\" height=\"450\" srcset=\"http:\/\/www.portalmantena.com.br\/novo\/wp-content\/uploads\/2018\/12\/vi191218eder2.jpg 700w, http:\/\/www.portalmantena.com.br\/novo\/wp-content\/uploads\/2018\/12\/vi191218eder2-300x193.jpg 300w, http:\/\/www.portalmantena.com.br\/novo\/wp-content\/uploads\/2018\/12\/vi191218eder2-696x447.jpg 696w, http:\/\/www.portalmantena.com.br\/novo\/wp-content\/uploads\/2018\/12\/vi191218eder2-653x420.jpg 653w\" sizes=\"(max-width: 700px) 100vw, 700px\" \/><\/a><a href=\"http:\/\/www.portalmantena.com.br\/novo\/\"><img loading=\"lazy\" class=\"alignnone size-full wp-image-37296\" src=\"http:\/\/www.portalmantena.com.br\/novo\/wp-content\/uploads\/2018\/05\/faixavitrine2.jpg\" alt=\"\" width=\"700\" height=\"40\" srcset=\"http:\/\/www.portalmantena.com.br\/novo\/wp-content\/uploads\/2018\/05\/faixavitrine2.jpg 700w, http:\/\/www.portalmantena.com.br\/novo\/wp-content\/uploads\/2018\/05\/faixavitrine2-300x17.jpg 300w, http:\/\/www.portalmantena.com.br\/novo\/wp-content\/uploads\/2018\/05\/faixavitrine2-696x40.jpg 696w\" sizes=\"(max-width: 700px) 100vw, 700px\" \/><\/a><\/p>\n<p><span style=\"font-size: 10pt;\">ESPA\u00c7O EMPRESARIAL<\/span><a href=\"http:\/\/www.portalmantena.com.br\/novo\/?p=39480\"><img loading=\"lazy\" class=\"alignnone size-full wp-image-39486\" src=\"http:\/\/www.portalmantena.com.br\/novo\/wp-content\/uploads\/2018\/05\/honca301018faixa.jpg\" alt=\"\" width=\"700\" height=\"150\" srcset=\"http:\/\/www.portalmantena.com.br\/novo\/wp-content\/uploads\/2018\/05\/honca301018faixa.jpg 700w, http:\/\/www.portalmantena.com.br\/novo\/wp-content\/uploads\/2018\/05\/honca301018faixa-300x64.jpg 300w, http:\/\/www.portalmantena.com.br\/novo\/wp-content\/uploads\/2018\/05\/honca301018faixa-696x150.jpg 696w\" sizes=\"(max-width: 700px) 100vw, 700px\" \/><\/a><\/p>\n","protected":false},"excerpt":{"rendered":"<p>O nosso amigo \u00c9der, Motociclista e Membro do Moto Clube Patriotas ( de Mantena), participando do 1\u00ba Encontro Nacional de Motociclistas na cidade de Te\u00f3filo Otoni\/MG. Evento que aconteceu na sexta dia 14 e s\u00e1bado dia 15 de dezembro. Momentos de descontra\u00e7\u00e3o e bom papo com os amigos motociclistas, evento foi TOP. ESPA\u00c7O EMPRESARIAL<\/p>\n","protected":false},"author":1,"featured_media":41872,"comment_status":"open","ping_status":"open","sticky":false,"template":"","format":"standard","meta":[],"categories":[7],"tags":[],"_links":{"self":[{"href":"http:\/\/www.portalmantena.com.br\/novo\/index.php?rest_route=\/wp\/v2\/posts\/41871"}],"collection":[{"href":"http:\/\/www.portalmantena.com.br\/novo\/index.php?rest_route=\/wp\/v2\/posts"}],"about":[{"href":"http:\/\/www.portalmantena.com.br\/novo\/index.php?rest_route=\/wp\/v2\/types\/post"}],"author":[{"embeddable":true,"href":"http:\/\/www.portalmantena.com.br\/novo\/index.php?rest_route=\/wp\/v2\/users\/1"}],"replies":[{"embeddable":true,"href":"http:\/\/www.portalmantena.com.br\/novo\/index.php?rest_route=%2Fwp%2Fv2%2Fcomments&post=41871"}],"version-history":[{"count":1,"href":"http:\/\/www.portalmantena.com.br\/novo\/index.php?rest_route=\/wp\/v2\/posts\/41871\/revisions"}],"predecessor-version":[{"id":41874,"href":"http:\/\/www.portalmantena.com.br\/novo\/index.php?rest_route=\/wp\/v2\/posts\/41871\/revisions\/41874"}],"wp:featuredmedia":[{"embeddable":true,"href":"http:\/\/www.portalmantena.com.br\/novo\/index.php?rest_route=\/wp\/v2\/media\/41872"}],"wp:attachment":[{"href":"http:\/\/www.portalmantena.com.br\/novo\/index.php?rest_route=%2Fwp%2Fv2%2Fmedia&parent=41871"}],"wp:term":[{"taxonomy":"category","embeddable":true,"href":"http:\/\/www.portalmantena.com.br\/novo\/index.php?rest_route=%2Fwp%2Fv2%2Fcategories&post=41871"},{"taxonomy":"post_tag","embeddable":true,"href":"http:\/\/www.portalmantena.com.br\/novo\/index.php?rest_route=%2Fwp%2Fv2%2Ftags&post=41871"}],"curies":[{"name":"wp","href":"https:\/\/api.w.org\/{rel}","templated":true}]}}