{"id":41640,"date":"2018-12-17T09:19:54","date_gmt":"2018-12-17T11:19:54","guid":{"rendered":"http:\/\/www.portalmantena.com.br\/novo\/?p=41640"},"modified":"2018-12-17T09:19:54","modified_gmt":"2018-12-17T11:19:54","slug":"homem-e-morto-a-tiros-proximo-do-povoado-do-nazario","status":"publish","type":"post","link":"http:\/\/www.portalmantena.com.br\/novo\/?p=41640","title":{"rendered":"Homem \u00e9 morto a tiros pr\u00f3ximo do povoado do Naz\u00e1rio"},"content":{"rendered":"<p><a href=\"http:\/\/www.portalmantena.com.br\/novo\/wp-content\/uploads\/2018\/12\/no171218corpo.jpg\"><img loading=\"lazy\" class=\"alignnone size-full wp-image-41641\" src=\"http:\/\/www.portalmantena.com.br\/novo\/wp-content\/uploads\/2018\/12\/no171218corpo.jpg\" alt=\"\" width=\"700\" height=\"450\" srcset=\"http:\/\/www.portalmantena.com.br\/novo\/wp-content\/uploads\/2018\/12\/no171218corpo.jpg 700w, http:\/\/www.portalmantena.com.br\/novo\/wp-content\/uploads\/2018\/12\/no171218corpo-300x193.jpg 300w, http:\/\/www.portalmantena.com.br\/novo\/wp-content\/uploads\/2018\/12\/no171218corpo-696x447.jpg 696w, http:\/\/www.portalmantena.com.br\/novo\/wp-content\/uploads\/2018\/12\/no171218corpo-653x420.jpg 653w\" sizes=\"(max-width: 700px) 100vw, 700px\" \/><\/a><\/p>\n<p><span style=\"font-size: 14pt;\">Na manh\u00e3 da \u00faltima sexta-feira dia 14 de Dezembro, o quartel da pol\u00edcia militar em Mantena foi comunicado da exist\u00eancia do corpo de um homem, localizado em uma estrada de ch\u00e3o, pr\u00f3ximo de uma fazenda no povoado do Naz\u00e1rio, munic\u00edpio de Mantena. <\/span><\/p>\n<p><span style=\"font-size: 14pt;\">A v\u00edtima estava ca\u00edda do ch\u00e3o, com sinais de disparos de arma de fogo. O corpo era de um homem, que at\u00e9 o fechamento desta mat\u00e9ria, n\u00e3o havia sido identificado pela pol\u00edcia. Segundo informa\u00e7\u00f5es, foram ouvidos disparos de arma de fogo por volta das 20 horas, na noite anterior, no local onde o corpo foi localizado. <\/span><\/p>\n<p><span style=\"font-size: 14pt;\">A pol\u00edcia militar foi ent\u00e3o at\u00e9 o local, e isolou a \u00e1rea at\u00e9 a chegada do IML de Governador Valadares, que levou o corpo para a per\u00edcia. <\/span><\/p>\n<p><span style=\"font-size: 14pt;\">As investiga\u00e7\u00f5es deste crime seguir\u00e3o para tentar descobrir primeiro a identidade da v\u00edtima e em seguida a motiva\u00e7\u00e3o e autoria.<\/span><\/p>\n<p><a href=\"http:\/\/www.portalmantena.com.br\/novo\/\"><img loading=\"lazy\" class=\"alignnone size-full wp-image-37331\" src=\"http:\/\/www.portalmantena.com.br\/novo\/wp-content\/uploads\/2018\/05\/faixaportalnoticias5.jpg\" alt=\"\" width=\"700\" height=\"40\" srcset=\"http:\/\/www.portalmantena.com.br\/novo\/wp-content\/uploads\/2018\/05\/faixaportalnoticias5.jpg 700w, http:\/\/www.portalmantena.com.br\/novo\/wp-content\/uploads\/2018\/05\/faixaportalnoticias5-300x17.jpg 300w, http:\/\/www.portalmantena.com.br\/novo\/wp-content\/uploads\/2018\/05\/faixaportalnoticias5-696x40.jpg 696w\" sizes=\"(max-width: 700px) 100vw, 700px\" \/><\/a><\/p>\n<p><span style=\"font-size: 10pt;\">ESPA\u00c7O EMPRESARIAL<\/span><a href=\"https:\/\/www.facebook.com\/redevalente\/\"><img loading=\"lazy\" class=\"alignnone size-full wp-image-29188\" src=\"http:\/\/www.portalmantena.com.br\/novo\/wp-content\/uploads\/2018\/05\/valentefaixa.jpg\" alt=\"\" width=\"700\" height=\"150\" srcset=\"http:\/\/www.portalmantena.com.br\/novo\/wp-content\/uploads\/2018\/05\/valentefaixa.jpg 700w, http:\/\/www.portalmantena.com.br\/novo\/wp-content\/uploads\/2018\/05\/valentefaixa-300x64.jpg 300w, http:\/\/www.portalmantena.com.br\/novo\/wp-content\/uploads\/2018\/05\/valentefaixa-696x150.jpg 696w\" sizes=\"(max-width: 700px) 100vw, 700px\" \/><\/a><\/p>\n","protected":false},"excerpt":{"rendered":"<p>Na manh\u00e3 da \u00faltima sexta-feira dia 14 de Dezembro, o quartel da pol\u00edcia militar em Mantena foi comunicado da exist\u00eancia do corpo de um homem, localizado em uma estrada de ch\u00e3o, pr\u00f3ximo de uma fazenda no povoado do Naz\u00e1rio, munic\u00edpio de Mantena. A v\u00edtima estava ca\u00edda do ch\u00e3o, com sinais de disparos de arma de [&hellip;]<\/p>\n","protected":false},"author":1,"featured_media":41641,"comment_status":"open","ping_status":"open","sticky":false,"template":"","format":"standard","meta":[],"categories":[11,34],"tags":[],"_links":{"self":[{"href":"http:\/\/www.portalmantena.com.br\/novo\/index.php?rest_route=\/wp\/v2\/posts\/41640"}],"collection":[{"href":"http:\/\/www.portalmantena.com.br\/novo\/index.php?rest_route=\/wp\/v2\/posts"}],"about":[{"href":"http:\/\/www.portalmantena.com.br\/novo\/index.php?rest_route=\/wp\/v2\/types\/post"}],"author":[{"embeddable":true,"href":"http:\/\/www.portalmantena.com.br\/novo\/index.php?rest_route=\/wp\/v2\/users\/1"}],"replies":[{"embeddable":true,"href":"http:\/\/www.portalmantena.com.br\/novo\/index.php?rest_route=%2Fwp%2Fv2%2Fcomments&post=41640"}],"version-history":[{"count":1,"href":"http:\/\/www.portalmantena.com.br\/novo\/index.php?rest_route=\/wp\/v2\/posts\/41640\/revisions"}],"predecessor-version":[{"id":41642,"href":"http:\/\/www.portalmantena.com.br\/novo\/index.php?rest_route=\/wp\/v2\/posts\/41640\/revisions\/41642"}],"wp:featuredmedia":[{"embeddable":true,"href":"http:\/\/www.portalmantena.com.br\/novo\/index.php?rest_route=\/wp\/v2\/media\/41641"}],"wp:attachment":[{"href":"http:\/\/www.portalmantena.com.br\/novo\/index.php?rest_route=%2Fwp%2Fv2%2Fmedia&parent=41640"}],"wp:term":[{"taxonomy":"category","embeddable":true,"href":"http:\/\/www.portalmantena.com.br\/novo\/index.php?rest_route=%2Fwp%2Fv2%2Fcategories&post=41640"},{"taxonomy":"post_tag","embeddable":true,"href":"http:\/\/www.portalmantena.com.br\/novo\/index.php?rest_route=%2Fwp%2Fv2%2Ftags&post=41640"}],"curies":[{"name":"wp","href":"https:\/\/api.w.org\/{rel}","templated":true}]}}