{"id":4142,"date":"2017-04-05T12:13:36","date_gmt":"2017-04-05T15:13:36","guid":{"rendered":"http:\/\/www.portalmantena.com.br\/novo\/?p=4142"},"modified":"2017-04-05T11:17:46","modified_gmt":"2017-04-05T14:17:46","slug":"transito-em-mantena-notificacoes-estao-sendo-feitas-e-motoristas-terao-os-carros-rebocados","status":"publish","type":"post","link":"http:\/\/www.portalmantena.com.br\/novo\/?p=4142","title":{"rendered":"Tr\u00e2nsito em Mantena, notifica\u00e7\u00f5es est\u00e3o sendo feitas e motoristas ter\u00e3o os carros rebocados"},"content":{"rendered":"<p><a href=\"http:\/\/www.portalmantena.com.br\/novo\/wp-content\/uploads\/2017\/04\/no050417carro1.jpg\"><img loading=\"lazy\" class=\"alignnone size-full wp-image-4143\" src=\"http:\/\/www.portalmantena.com.br\/novo\/wp-content\/uploads\/2017\/04\/no050417carro1.jpg\" alt=\"\" width=\"700\" height=\"450\" srcset=\"http:\/\/www.portalmantena.com.br\/novo\/wp-content\/uploads\/2017\/04\/no050417carro1.jpg 700w, http:\/\/www.portalmantena.com.br\/novo\/wp-content\/uploads\/2017\/04\/no050417carro1-300x193.jpg 300w, http:\/\/www.portalmantena.com.br\/novo\/wp-content\/uploads\/2017\/04\/no050417carro1-696x447.jpg 696w, http:\/\/www.portalmantena.com.br\/novo\/wp-content\/uploads\/2017\/04\/no050417carro1-653x420.jpg 653w\" sizes=\"(max-width: 700px) 100vw, 700px\" \/><\/a><\/p>\n<p><span style=\"font-size: 14pt;\">Com algumas vias em Mantena recebendo a nova sinaliza\u00e7\u00e3o de tr\u00e2nsito, os motoristas que n\u00e3o se adaptarem ao novo formato come\u00e7ar\u00e3o a ser notificados. <\/span><\/p>\n<p><span style=\"font-size: 14pt;\">Os primeiros passos para a mudan\u00e7a no tr\u00e2nsito em Mantena, modernizando e adequando \u00e0 realidade dos novos fluxos de ve\u00edculos (evitando os congestionamentos\/foto), foi implementado neste in\u00edcio de semana com a proibi\u00e7\u00e3o do estacionamento de ve\u00edculos nos dois lados de um trecho da rua Benedito Valadares no centro da cidade. Placas da sinaliza\u00e7\u00e3o vertical foram instaladas e mesmo assim alguns motoristas insistiram em desrespeitar a sinaliza\u00e7\u00e3o. <\/span><\/p>\n<p><span style=\"font-size: 14pt;\">A resposta foi imediata e alguns ve\u00edculos j\u00e1 receberam o aviso, com os motoristas encontrando uma advert\u00eancia fixada nos para-brisas. \u201cADVERT\u00caNCIA, Sujeito a Reboque, \u00e9 proibido estacionar neste local, a Pol\u00edcia Militar estar\u00e1 notificando os infratores, fique atento\u201d, \u00e9 o conte\u00fado do aviso. \u00c9 bom os motoristas ficarem realmente atentos pois al\u00e9m das notifica\u00e7\u00f5es vem as multas, ai o problema j\u00e1 vai mexer com o bolso dos infratores e at\u00e9 mesmo a remo\u00e7\u00e3o dos ve\u00edculos. <\/span><\/p>\n<p><span style=\"font-size: 14pt;\">Na manh\u00e3 desta quarta-feira a reda\u00e7\u00e3o do portalmantena passou pelo mesmo trecho da rua Benedito Valadares, e o local j\u00e1 n\u00e3o mostrava ve\u00edculos estacionados, desrespeitando a sinaliza\u00e7\u00e3o.<\/span><\/p>\n<p><a href=\"http:\/\/www.portalmantena.com.br\/novo\/wp-content\/uploads\/2017\/04\/no050417carro2.jpg\"><img loading=\"lazy\" class=\"alignnone size-full wp-image-4144\" src=\"http:\/\/www.portalmantena.com.br\/novo\/wp-content\/uploads\/2017\/04\/no050417carro2.jpg\" alt=\"\" width=\"700\" height=\"450\" srcset=\"http:\/\/www.portalmantena.com.br\/novo\/wp-content\/uploads\/2017\/04\/no050417carro2.jpg 700w, http:\/\/www.portalmantena.com.br\/novo\/wp-content\/uploads\/2017\/04\/no050417carro2-300x193.jpg 300w, http:\/\/www.portalmantena.com.br\/novo\/wp-content\/uploads\/2017\/04\/no050417carro2-696x447.jpg 696w, http:\/\/www.portalmantena.com.br\/novo\/wp-content\/uploads\/2017\/04\/no050417carro2-653x420.jpg 653w\" sizes=\"(max-width: 700px) 100vw, 700px\" \/><\/a> <a href=\"http:\/\/www.portalmantena.com.br\/novo\/wp-content\/uploads\/2017\/04\/no050417carro3.jpg\"><img loading=\"lazy\" class=\"alignnone size-full wp-image-4145\" src=\"http:\/\/www.portalmantena.com.br\/novo\/wp-content\/uploads\/2017\/04\/no050417carro3.jpg\" alt=\"\" width=\"700\" height=\"450\" srcset=\"http:\/\/www.portalmantena.com.br\/novo\/wp-content\/uploads\/2017\/04\/no050417carro3.jpg 700w, http:\/\/www.portalmantena.com.br\/novo\/wp-content\/uploads\/2017\/04\/no050417carro3-300x193.jpg 300w, http:\/\/www.portalmantena.com.br\/novo\/wp-content\/uploads\/2017\/04\/no050417carro3-696x447.jpg 696w, http:\/\/www.portalmantena.com.br\/novo\/wp-content\/uploads\/2017\/04\/no050417carro3-653x420.jpg 653w\" sizes=\"(max-width: 700px) 100vw, 700px\" \/><\/a><\/p>\n","protected":false},"excerpt":{"rendered":"<p>Com algumas vias em Mantena recebendo a nova sinaliza\u00e7\u00e3o de tr\u00e2nsito, os motoristas que n\u00e3o se adaptarem ao novo formato come\u00e7ar\u00e3o a ser notificados. Os primeiros passos para a mudan\u00e7a no tr\u00e2nsito em Mantena, modernizando e adequando \u00e0 realidade dos novos fluxos de ve\u00edculos (evitando os congestionamentos\/foto), foi implementado neste in\u00edcio de semana com a [&hellip;]<\/p>\n","protected":false},"author":1,"featured_media":4143,"comment_status":"open","ping_status":"open","sticky":false,"template":"","format":"standard","meta":[],"categories":[36,12,11],"tags":[],"_links":{"self":[{"href":"http:\/\/www.portalmantena.com.br\/novo\/index.php?rest_route=\/wp\/v2\/posts\/4142"}],"collection":[{"href":"http:\/\/www.portalmantena.com.br\/novo\/index.php?rest_route=\/wp\/v2\/posts"}],"about":[{"href":"http:\/\/www.portalmantena.com.br\/novo\/index.php?rest_route=\/wp\/v2\/types\/post"}],"author":[{"embeddable":true,"href":"http:\/\/www.portalmantena.com.br\/novo\/index.php?rest_route=\/wp\/v2\/users\/1"}],"replies":[{"embeddable":true,"href":"http:\/\/www.portalmantena.com.br\/novo\/index.php?rest_route=%2Fwp%2Fv2%2Fcomments&post=4142"}],"version-history":[{"count":1,"href":"http:\/\/www.portalmantena.com.br\/novo\/index.php?rest_route=\/wp\/v2\/posts\/4142\/revisions"}],"predecessor-version":[{"id":4146,"href":"http:\/\/www.portalmantena.com.br\/novo\/index.php?rest_route=\/wp\/v2\/posts\/4142\/revisions\/4146"}],"wp:featuredmedia":[{"embeddable":true,"href":"http:\/\/www.portalmantena.com.br\/novo\/index.php?rest_route=\/wp\/v2\/media\/4143"}],"wp:attachment":[{"href":"http:\/\/www.portalmantena.com.br\/novo\/index.php?rest_route=%2Fwp%2Fv2%2Fmedia&parent=4142"}],"wp:term":[{"taxonomy":"category","embeddable":true,"href":"http:\/\/www.portalmantena.com.br\/novo\/index.php?rest_route=%2Fwp%2Fv2%2Fcategories&post=4142"},{"taxonomy":"post_tag","embeddable":true,"href":"http:\/\/www.portalmantena.com.br\/novo\/index.php?rest_route=%2Fwp%2Fv2%2Ftags&post=4142"}],"curies":[{"name":"wp","href":"https:\/\/api.w.org\/{rel}","templated":true}]}}