{"id":41335,"date":"2018-12-11T18:32:08","date_gmt":"2018-12-11T20:32:08","guid":{"rendered":"http:\/\/www.portalmantena.com.br\/novo\/?p=41335"},"modified":"2018-12-12T14:18:32","modified_gmt":"2018-12-12T16:18:32","slug":"formatura-da-educacao-infantil-em-ariranha-foi-emocionante","status":"publish","type":"post","link":"http:\/\/www.portalmantena.com.br\/novo\/?p=41335","title":{"rendered":"Formatura da Educa\u00e7\u00e3o Infantil em Ariranha foi emocionante"},"content":{"rendered":"<p><a href=\"http:\/\/www.portalmantena.com.br\/novo\/wp-content\/uploads\/2018\/12\/no101218escola2.jpg\"><img loading=\"lazy\" class=\"alignnone size-full wp-image-41337\" src=\"http:\/\/www.portalmantena.com.br\/novo\/wp-content\/uploads\/2018\/12\/no101218escola2.jpg\" alt=\"\" width=\"700\" height=\"450\" srcset=\"http:\/\/www.portalmantena.com.br\/novo\/wp-content\/uploads\/2018\/12\/no101218escola2.jpg 700w, http:\/\/www.portalmantena.com.br\/novo\/wp-content\/uploads\/2018\/12\/no101218escola2-300x193.jpg 300w, http:\/\/www.portalmantena.com.br\/novo\/wp-content\/uploads\/2018\/12\/no101218escola2-696x447.jpg 696w, http:\/\/www.portalmantena.com.br\/novo\/wp-content\/uploads\/2018\/12\/no101218escola2-653x420.jpg 653w\" sizes=\"(max-width: 700px) 100vw, 700px\" \/><\/a><\/p>\n<p><span style=\"font-size: 14pt;\">Na \u00faltima sexta-feira (7) a Escola Municipal Vereador David de Almeida, situada no distrito de Barra do Ariranha, munic\u00edpio de Mantena foi palco de uma linda festa de FORMATURA dos alunos da Educa\u00e7\u00e3o Infantil. <\/span><\/p>\n<p><span style=\"font-size: 14pt;\">A professora da turma, Sra. Girc\u00e9lia agradeceu aos pais pela confian\u00e7a e logo ap\u00f3s deixou uma mensagem emocionante para os formandos. O Subtenente Wender foi o padrinho e a professora Maria Helena foi a madrinha da turma. <\/span><\/p>\n<p><span style=\"font-size: 14pt;\">O diretor da Escola, Pastor Luciano falou sobre o trabalho educacional realizado e agradeceu a todas as pessoas presentes. &#8220;Educar a Crian\u00e7a \u00e9 cuidar do mundo&#8221;.<\/span><\/p>\n<p><a href=\"http:\/\/www.portalmantena.com.br\/novo\/wp-content\/uploads\/2018\/12\/no101218escola1.jpg\"><img loading=\"lazy\" class=\"alignnone size-full wp-image-41336\" src=\"http:\/\/www.portalmantena.com.br\/novo\/wp-content\/uploads\/2018\/12\/no101218escola1.jpg\" alt=\"\" width=\"700\" height=\"450\" srcset=\"http:\/\/www.portalmantena.com.br\/novo\/wp-content\/uploads\/2018\/12\/no101218escola1.jpg 700w, http:\/\/www.portalmantena.com.br\/novo\/wp-content\/uploads\/2018\/12\/no101218escola1-300x193.jpg 300w, http:\/\/www.portalmantena.com.br\/novo\/wp-content\/uploads\/2018\/12\/no101218escola1-696x447.jpg 696w, http:\/\/www.portalmantena.com.br\/novo\/wp-content\/uploads\/2018\/12\/no101218escola1-653x420.jpg 653w\" sizes=\"(max-width: 700px) 100vw, 700px\" \/><\/a><a href=\"http:\/\/www.portalmantena.com.br\/novo\/\"><img loading=\"lazy\" class=\"alignnone size-full wp-image-37331\" src=\"http:\/\/www.portalmantena.com.br\/novo\/wp-content\/uploads\/2018\/05\/faixaportalnoticias5.jpg\" alt=\"\" width=\"700\" height=\"40\" srcset=\"http:\/\/www.portalmantena.com.br\/novo\/wp-content\/uploads\/2018\/05\/faixaportalnoticias5.jpg 700w, http:\/\/www.portalmantena.com.br\/novo\/wp-content\/uploads\/2018\/05\/faixaportalnoticias5-300x17.jpg 300w, http:\/\/www.portalmantena.com.br\/novo\/wp-content\/uploads\/2018\/05\/faixaportalnoticias5-696x40.jpg 696w\" sizes=\"(max-width: 700px) 100vw, 700px\" \/><\/a><\/p>\n<p>ESPA\u00c7O EMPRESARIAL<a href=\"http:\/\/www.portalmantena.com.br\/novo\/?p=41085\"><img src=\"http:\/\/www.portalmantena.com.br\/novo\/wp-content\/uploads\/2018\/12\/uni051218p.jpg\" \/><\/a><\/p>\n","protected":false},"excerpt":{"rendered":"<p>Na \u00faltima sexta-feira (7) a Escola Municipal Vereador David de Almeida, situada no distrito de Barra do Ariranha, munic\u00edpio de Mantena foi palco de uma linda festa de FORMATURA dos alunos da Educa\u00e7\u00e3o Infantil. A professora da turma, Sra. Girc\u00e9lia agradeceu aos pais pela confian\u00e7a e logo ap\u00f3s deixou uma mensagem emocionante para os formandos. [&hellip;]<\/p>\n","protected":false},"author":1,"featured_media":41337,"comment_status":"open","ping_status":"open","sticky":false,"template":"","format":"standard","meta":[],"categories":[36,69],"tags":[],"_links":{"self":[{"href":"http:\/\/www.portalmantena.com.br\/novo\/index.php?rest_route=\/wp\/v2\/posts\/41335"}],"collection":[{"href":"http:\/\/www.portalmantena.com.br\/novo\/index.php?rest_route=\/wp\/v2\/posts"}],"about":[{"href":"http:\/\/www.portalmantena.com.br\/novo\/index.php?rest_route=\/wp\/v2\/types\/post"}],"author":[{"embeddable":true,"href":"http:\/\/www.portalmantena.com.br\/novo\/index.php?rest_route=\/wp\/v2\/users\/1"}],"replies":[{"embeddable":true,"href":"http:\/\/www.portalmantena.com.br\/novo\/index.php?rest_route=%2Fwp%2Fv2%2Fcomments&post=41335"}],"version-history":[{"count":1,"href":"http:\/\/www.portalmantena.com.br\/novo\/index.php?rest_route=\/wp\/v2\/posts\/41335\/revisions"}],"predecessor-version":[{"id":41338,"href":"http:\/\/www.portalmantena.com.br\/novo\/index.php?rest_route=\/wp\/v2\/posts\/41335\/revisions\/41338"}],"wp:featuredmedia":[{"embeddable":true,"href":"http:\/\/www.portalmantena.com.br\/novo\/index.php?rest_route=\/wp\/v2\/media\/41337"}],"wp:attachment":[{"href":"http:\/\/www.portalmantena.com.br\/novo\/index.php?rest_route=%2Fwp%2Fv2%2Fmedia&parent=41335"}],"wp:term":[{"taxonomy":"category","embeddable":true,"href":"http:\/\/www.portalmantena.com.br\/novo\/index.php?rest_route=%2Fwp%2Fv2%2Fcategories&post=41335"},{"taxonomy":"post_tag","embeddable":true,"href":"http:\/\/www.portalmantena.com.br\/novo\/index.php?rest_route=%2Fwp%2Fv2%2Ftags&post=41335"}],"curies":[{"name":"wp","href":"https:\/\/api.w.org\/{rel}","templated":true}]}}