{"id":4128,"date":"2017-04-05T09:13:55","date_gmt":"2017-04-05T12:13:55","guid":{"rendered":"http:\/\/www.portalmantena.com.br\/novo\/?p=4128"},"modified":"2017-04-05T09:13:55","modified_gmt":"2017-04-05T12:13:55","slug":"faleceu-em-mantena-o-sr-jose-carvalho","status":"publish","type":"post","link":"http:\/\/www.portalmantena.com.br\/novo\/?p=4128","title":{"rendered":"Faleceu em Mantena o Sr. Jos\u00e9 Carvalho"},"content":{"rendered":"<p><a href=\"http:\/\/www.portalmantena.com.br\/novo\/wp-content\/uploads\/2017\/04\/saudadecarvalho.jpg\"><img loading=\"lazy\" class=\"alignnone size-full wp-image-4129\" src=\"http:\/\/www.portalmantena.com.br\/novo\/wp-content\/uploads\/2017\/04\/saudadecarvalho.jpg\" alt=\"\" width=\"650\" height=\"170\" srcset=\"http:\/\/www.portalmantena.com.br\/novo\/wp-content\/uploads\/2017\/04\/saudadecarvalho.jpg 650w, http:\/\/www.portalmantena.com.br\/novo\/wp-content\/uploads\/2017\/04\/saudadecarvalho-300x78.jpg 300w\" sizes=\"(max-width: 650px) 100vw, 650px\" \/><\/a><\/p>\n<p><span style=\"font-size: 14pt;\">Faleceu nesta quarta-feira dia 5 de abril o ilustre Mantenense Sr. Jos\u00e9 Carvalho da Rocha, (Mercearia Carvalho). O corpo est\u00e1 sendo velado na Igreja da comunidade Nossa Senhora Aparecida no bairro Omar Paix\u00e3o. <\/span><\/p>\n<p><span style=\"font-size: 14pt;\">Um culto f\u00fanebre acontecer\u00e1 \u00e0s 16 horas e em seguida o sepultamento no Cemit\u00e9rio de Vila Nova.<\/span><\/p>\n","protected":false},"excerpt":{"rendered":"<p>Faleceu nesta quarta-feira dia 5 de abril o ilustre Mantenense Sr. Jos\u00e9 Carvalho da Rocha, (Mercearia Carvalho). O corpo est\u00e1 sendo velado na Igreja da comunidade Nossa Senhora Aparecida no bairro Omar Paix\u00e3o. Um culto f\u00fanebre acontecer\u00e1 \u00e0s 16 horas e em seguida o sepultamento no Cemit\u00e9rio de Vila Nova.<\/p>\n","protected":false},"author":1,"featured_media":0,"comment_status":"open","ping_status":"open","sticky":false,"template":"","format":"standard","meta":[],"categories":[24],"tags":[],"_links":{"self":[{"href":"http:\/\/www.portalmantena.com.br\/novo\/index.php?rest_route=\/wp\/v2\/posts\/4128"}],"collection":[{"href":"http:\/\/www.portalmantena.com.br\/novo\/index.php?rest_route=\/wp\/v2\/posts"}],"about":[{"href":"http:\/\/www.portalmantena.com.br\/novo\/index.php?rest_route=\/wp\/v2\/types\/post"}],"author":[{"embeddable":true,"href":"http:\/\/www.portalmantena.com.br\/novo\/index.php?rest_route=\/wp\/v2\/users\/1"}],"replies":[{"embeddable":true,"href":"http:\/\/www.portalmantena.com.br\/novo\/index.php?rest_route=%2Fwp%2Fv2%2Fcomments&post=4128"}],"version-history":[{"count":1,"href":"http:\/\/www.portalmantena.com.br\/novo\/index.php?rest_route=\/wp\/v2\/posts\/4128\/revisions"}],"predecessor-version":[{"id":4130,"href":"http:\/\/www.portalmantena.com.br\/novo\/index.php?rest_route=\/wp\/v2\/posts\/4128\/revisions\/4130"}],"wp:attachment":[{"href":"http:\/\/www.portalmantena.com.br\/novo\/index.php?rest_route=%2Fwp%2Fv2%2Fmedia&parent=4128"}],"wp:term":[{"taxonomy":"category","embeddable":true,"href":"http:\/\/www.portalmantena.com.br\/novo\/index.php?rest_route=%2Fwp%2Fv2%2Fcategories&post=4128"},{"taxonomy":"post_tag","embeddable":true,"href":"http:\/\/www.portalmantena.com.br\/novo\/index.php?rest_route=%2Fwp%2Fv2%2Ftags&post=4128"}],"curies":[{"name":"wp","href":"https:\/\/api.w.org\/{rel}","templated":true}]}}