{"id":41279,"date":"2018-12-09T08:58:56","date_gmt":"2018-12-09T10:58:56","guid":{"rendered":"http:\/\/www.portalmantena.com.br\/novo\/?p=41279"},"modified":"2018-12-07T15:07:16","modified_gmt":"2018-12-07T17:07:16","slug":"escavacao-irregular-encontrada-e-arma-apreendida-em-agua-doce","status":"publish","type":"post","link":"http:\/\/www.portalmantena.com.br\/novo\/?p=41279","title":{"rendered":"Escava\u00e7\u00e3o irregular encontrada e arma apreendida em \u00c1gua Doce"},"content":{"rendered":"<p><a href=\"http:\/\/www.portalmantena.com.br\/novo\/wp-content\/uploads\/2018\/12\/no071218arma.jpg\"><img loading=\"lazy\" class=\"alignnone size-full wp-image-41280\" src=\"http:\/\/www.portalmantena.com.br\/novo\/wp-content\/uploads\/2018\/12\/no071218arma.jpg\" alt=\"\" width=\"700\" height=\"450\" srcset=\"http:\/\/www.portalmantena.com.br\/novo\/wp-content\/uploads\/2018\/12\/no071218arma.jpg 700w, http:\/\/www.portalmantena.com.br\/novo\/wp-content\/uploads\/2018\/12\/no071218arma-300x193.jpg 300w, http:\/\/www.portalmantena.com.br\/novo\/wp-content\/uploads\/2018\/12\/no071218arma-696x447.jpg 696w, http:\/\/www.portalmantena.com.br\/novo\/wp-content\/uploads\/2018\/12\/no071218arma-653x420.jpg 653w\" sizes=\"(max-width: 700px) 100vw, 700px\" \/><\/a><\/p>\n<p><span style=\"font-size: 14pt;\">Na tarde desta quarta (05 policiais da 3\u00aa Companhia do Batalh\u00e3o de Pol\u00edcia Militar Ambiental (BPMA) realizaram a\u00e7\u00f5es de fiscaliza\u00e7\u00e3o no munic\u00edpio de \u00c1gua Doce do Norte. Na comunidade do \u201cC\u00f3rrego do Brej\u00e3o\u201d, distrito de Santo Agostinho, noroeste do Estado capixaba, os agentes realizaram flagrante de escava\u00e7\u00e3o de po\u00e7os em \u00e1rea de preserva\u00e7\u00e3o permanente (APP). <\/span><\/p>\n<p><span style=\"font-size: 14pt;\">No local, tamb\u00e9m foram apreendidas uma espingarda de fabrica\u00e7\u00e3o caseira, muni\u00e7\u00f5es de calibres variados, al\u00e9m do recolhimento de diversas aves que estavam sendo mantidos em cativeiro. Todo o material apreendido e o autor foram entregues no DPJ de Barra de S\u00e3o Francisco. <\/span><\/p>\n<p><span style=\"font-size: 14pt;\">Segundo o comandante da 3\u00aa Companhia Ambiental, capit\u00e3o Fabr\u00edcio Pereira Rocha, as a\u00e7\u00f5es de fiscaliza\u00e7\u00e3o nas Unidades de Conserva\u00e7\u00e3o do norte e noroeste do estado s\u00e3o uma constante e fazem parte do Plano de Comando do Batalh\u00e3o de Pol\u00edcia Militar Ambiental para aumentar a presen\u00e7a policial e coibir a degrada\u00e7\u00e3o ambiental na regi\u00e3o, principalmente, no hor\u00e1rio noturno, quando os ca\u00e7adores agem mais intensamente. <\/span><\/p>\n<p><span style=\"font-size: 14pt;\">Al\u00e9m das a\u00e7\u00f5es de cunho repressivo, tamb\u00e9m s\u00e3o realizadas visitas tranquilizadoras aos gestores das reservas florestais, principalmente nos finais de semana, ocasi\u00e3o em que o fluxo de pessoas \u00e9 maior, frisou o oficial. (fonte\/foto:PM).<\/span><\/p>\n<p><a href=\"http:\/\/www.portalmantena.com.br\/novo\/\"><img loading=\"lazy\" class=\"alignnone size-full wp-image-37331\" src=\"http:\/\/www.portalmantena.com.br\/novo\/wp-content\/uploads\/2018\/05\/faixaportalnoticias5.jpg\" alt=\"\" width=\"700\" height=\"40\" srcset=\"http:\/\/www.portalmantena.com.br\/novo\/wp-content\/uploads\/2018\/05\/faixaportalnoticias5.jpg 700w, http:\/\/www.portalmantena.com.br\/novo\/wp-content\/uploads\/2018\/05\/faixaportalnoticias5-300x17.jpg 300w, http:\/\/www.portalmantena.com.br\/novo\/wp-content\/uploads\/2018\/05\/faixaportalnoticias5-696x40.jpg 696w\" sizes=\"(max-width: 700px) 100vw, 700px\" \/><\/a><\/p>\n<p><span style=\"font-size: 10pt;\">ESPA\u00c7O EMPRESARIAL<\/span><a href=\"http:\/\/www.molvw.com.br\/\"><img loading=\"lazy\" class=\"alignnone size-full wp-image-29504\" src=\"http:\/\/www.portalmantena.com.br\/novo\/wp-content\/uploads\/2018\/05\/molvolkswagen.jpg\" alt=\"\" width=\"700\" height=\"150\" srcset=\"http:\/\/www.portalmantena.com.br\/novo\/wp-content\/uploads\/2018\/05\/molvolkswagen.jpg 700w, http:\/\/www.portalmantena.com.br\/novo\/wp-content\/uploads\/2018\/05\/molvolkswagen-300x64.jpg 300w, http:\/\/www.portalmantena.com.br\/novo\/wp-content\/uploads\/2018\/05\/molvolkswagen-696x150.jpg 696w\" sizes=\"(max-width: 700px) 100vw, 700px\" \/><\/a><\/p>\n","protected":false},"excerpt":{"rendered":"<p>Na tarde desta quarta (05 policiais da 3\u00aa Companhia do Batalh\u00e3o de Pol\u00edcia Militar Ambiental (BPMA) realizaram a\u00e7\u00f5es de fiscaliza\u00e7\u00e3o no munic\u00edpio de \u00c1gua Doce do Norte. Na comunidade do \u201cC\u00f3rrego do Brej\u00e3o\u201d, distrito de Santo Agostinho, noroeste do Estado capixaba, os agentes realizaram flagrante de escava\u00e7\u00e3o de po\u00e7os em \u00e1rea de preserva\u00e7\u00e3o permanente (APP). [&hellip;]<\/p>\n","protected":false},"author":1,"featured_media":41280,"comment_status":"open","ping_status":"open","sticky":false,"template":"","format":"standard","meta":[],"categories":[11,34],"tags":[],"_links":{"self":[{"href":"http:\/\/www.portalmantena.com.br\/novo\/index.php?rest_route=\/wp\/v2\/posts\/41279"}],"collection":[{"href":"http:\/\/www.portalmantena.com.br\/novo\/index.php?rest_route=\/wp\/v2\/posts"}],"about":[{"href":"http:\/\/www.portalmantena.com.br\/novo\/index.php?rest_route=\/wp\/v2\/types\/post"}],"author":[{"embeddable":true,"href":"http:\/\/www.portalmantena.com.br\/novo\/index.php?rest_route=\/wp\/v2\/users\/1"}],"replies":[{"embeddable":true,"href":"http:\/\/www.portalmantena.com.br\/novo\/index.php?rest_route=%2Fwp%2Fv2%2Fcomments&post=41279"}],"version-history":[{"count":1,"href":"http:\/\/www.portalmantena.com.br\/novo\/index.php?rest_route=\/wp\/v2\/posts\/41279\/revisions"}],"predecessor-version":[{"id":41281,"href":"http:\/\/www.portalmantena.com.br\/novo\/index.php?rest_route=\/wp\/v2\/posts\/41279\/revisions\/41281"}],"wp:featuredmedia":[{"embeddable":true,"href":"http:\/\/www.portalmantena.com.br\/novo\/index.php?rest_route=\/wp\/v2\/media\/41280"}],"wp:attachment":[{"href":"http:\/\/www.portalmantena.com.br\/novo\/index.php?rest_route=%2Fwp%2Fv2%2Fmedia&parent=41279"}],"wp:term":[{"taxonomy":"category","embeddable":true,"href":"http:\/\/www.portalmantena.com.br\/novo\/index.php?rest_route=%2Fwp%2Fv2%2Fcategories&post=41279"},{"taxonomy":"post_tag","embeddable":true,"href":"http:\/\/www.portalmantena.com.br\/novo\/index.php?rest_route=%2Fwp%2Fv2%2Ftags&post=41279"}],"curies":[{"name":"wp","href":"https:\/\/api.w.org\/{rel}","templated":true}]}}