{"id":41234,"date":"2018-12-07T10:42:38","date_gmt":"2018-12-07T12:42:38","guid":{"rendered":"http:\/\/www.portalmantena.com.br\/novo\/?p=41234"},"modified":"2018-12-07T10:44:02","modified_gmt":"2018-12-07T12:44:02","slug":"convite-especial-para-o-dia-da-biblia-na-praca","status":"publish","type":"post","link":"http:\/\/www.portalmantena.com.br\/novo\/?p=41234","title":{"rendered":"Convite especial para o DIA DA B\u00cdBLIA na PRA\u00c7A"},"content":{"rendered":"<p><a href=\"http:\/\/www.portalmantena.com.br\/novo\/wp-content\/uploads\/2018\/12\/vi071218tenda.jpg\"><img loading=\"lazy\" class=\"alignnone size-full wp-image-41235\" src=\"http:\/\/www.portalmantena.com.br\/novo\/wp-content\/uploads\/2018\/12\/vi071218tenda.jpg\" alt=\"\" width=\"700\" height=\"450\" srcset=\"http:\/\/www.portalmantena.com.br\/novo\/wp-content\/uploads\/2018\/12\/vi071218tenda.jpg 700w, http:\/\/www.portalmantena.com.br\/novo\/wp-content\/uploads\/2018\/12\/vi071218tenda-300x193.jpg 300w, http:\/\/www.portalmantena.com.br\/novo\/wp-content\/uploads\/2018\/12\/vi071218tenda-696x447.jpg 696w, http:\/\/www.portalmantena.com.br\/novo\/wp-content\/uploads\/2018\/12\/vi071218tenda-653x420.jpg 653w\" sizes=\"(max-width: 700px) 100vw, 700px\" \/><\/a><\/p>\n<p><span style=\"font-size: 14pt;\">O nosso amigo, o pastor Jos\u00e9 Ant\u00f4nio, \u00e9 um dos organizadores da Semana de Leitura da B\u00edblia na Pra\u00e7a, (em uma tenda montada no centro da pra\u00e7a). <\/span><\/p>\n<p><span style=\"font-size: 14pt;\">Este \u00e9 um projeto que acontece pela 5\u00aa em Mantena e conta com a realiza\u00e7\u00e3o das Igrejas Evang\u00e9licas e da APEM. <\/span><\/p>\n<p><span style=\"font-size: 14pt;\">Aproveitando a ocasi\u00e3o, o pastor Jos\u00e9 Ant\u00f4nio convida a todos para o encerramento do Projeto de LEITURA da palavra de Deus na pra\u00e7a, que acontecer\u00e1 na tarde deste s\u00e1bado dia 08 de Dezembro, DIA DA B\u00cdBLIA, quando ap\u00f3s a leitura do \u00faltimo vers\u00edculo, ser\u00e1 realizado um culto de gratid\u00e3o e em seguida servido o CAF\u00c9 DA COMUNH\u00c3O.<\/span><\/p>\n<p><a href=\"http:\/\/www.portalmantena.com.br\/novo\/\"><img loading=\"lazy\" class=\"alignnone size-full wp-image-37296\" src=\"http:\/\/www.portalmantena.com.br\/novo\/wp-content\/uploads\/2018\/05\/faixavitrine2.jpg\" alt=\"\" width=\"700\" height=\"40\" srcset=\"http:\/\/www.portalmantena.com.br\/novo\/wp-content\/uploads\/2018\/05\/faixavitrine2.jpg 700w, http:\/\/www.portalmantena.com.br\/novo\/wp-content\/uploads\/2018\/05\/faixavitrine2-300x17.jpg 300w, http:\/\/www.portalmantena.com.br\/novo\/wp-content\/uploads\/2018\/05\/faixavitrine2-696x40.jpg 696w\" sizes=\"(max-width: 700px) 100vw, 700px\" \/><\/a><\/p>\n<p><span style=\"font-size: 10pt;\">ESPA\u00c7O EMPRESARIAL<\/span><a href=\"http:\/\/www.portalmantena.com.br\/novo\/wp-content\/uploads\/2018\/05\/cafebonzonfaixa.jpg\"><img loading=\"lazy\" class=\"alignnone size-full wp-image-29162\" src=\"http:\/\/www.portalmantena.com.br\/novo\/wp-content\/uploads\/2018\/05\/cafebonzonfaixa.jpg\" alt=\"\" width=\"700\" height=\"150\" srcset=\"http:\/\/www.portalmantena.com.br\/novo\/wp-content\/uploads\/2018\/05\/cafebonzonfaixa.jpg 700w, http:\/\/www.portalmantena.com.br\/novo\/wp-content\/uploads\/2018\/05\/cafebonzonfaixa-300x64.jpg 300w, http:\/\/www.portalmantena.com.br\/novo\/wp-content\/uploads\/2018\/05\/cafebonzonfaixa-696x150.jpg 696w\" sizes=\"(max-width: 700px) 100vw, 700px\" \/><\/a><\/p>\n<p>&nbsp;<\/p>\n","protected":false},"excerpt":{"rendered":"<p>O nosso amigo, o pastor Jos\u00e9 Ant\u00f4nio, \u00e9 um dos organizadores da Semana de Leitura da B\u00edblia na Pra\u00e7a, (em uma tenda montada no centro da pra\u00e7a). Este \u00e9 um projeto que acontece pela 5\u00aa em Mantena e conta com a realiza\u00e7\u00e3o das Igrejas Evang\u00e9licas e da APEM. Aproveitando a ocasi\u00e3o, o pastor Jos\u00e9 Ant\u00f4nio [&hellip;]<\/p>\n","protected":false},"author":1,"featured_media":41235,"comment_status":"open","ping_status":"open","sticky":false,"template":"","format":"standard","meta":[],"categories":[7],"tags":[],"_links":{"self":[{"href":"http:\/\/www.portalmantena.com.br\/novo\/index.php?rest_route=\/wp\/v2\/posts\/41234"}],"collection":[{"href":"http:\/\/www.portalmantena.com.br\/novo\/index.php?rest_route=\/wp\/v2\/posts"}],"about":[{"href":"http:\/\/www.portalmantena.com.br\/novo\/index.php?rest_route=\/wp\/v2\/types\/post"}],"author":[{"embeddable":true,"href":"http:\/\/www.portalmantena.com.br\/novo\/index.php?rest_route=\/wp\/v2\/users\/1"}],"replies":[{"embeddable":true,"href":"http:\/\/www.portalmantena.com.br\/novo\/index.php?rest_route=%2Fwp%2Fv2%2Fcomments&post=41234"}],"version-history":[{"count":2,"href":"http:\/\/www.portalmantena.com.br\/novo\/index.php?rest_route=\/wp\/v2\/posts\/41234\/revisions"}],"predecessor-version":[{"id":41237,"href":"http:\/\/www.portalmantena.com.br\/novo\/index.php?rest_route=\/wp\/v2\/posts\/41234\/revisions\/41237"}],"wp:featuredmedia":[{"embeddable":true,"href":"http:\/\/www.portalmantena.com.br\/novo\/index.php?rest_route=\/wp\/v2\/media\/41235"}],"wp:attachment":[{"href":"http:\/\/www.portalmantena.com.br\/novo\/index.php?rest_route=%2Fwp%2Fv2%2Fmedia&parent=41234"}],"wp:term":[{"taxonomy":"category","embeddable":true,"href":"http:\/\/www.portalmantena.com.br\/novo\/index.php?rest_route=%2Fwp%2Fv2%2Fcategories&post=41234"},{"taxonomy":"post_tag","embeddable":true,"href":"http:\/\/www.portalmantena.com.br\/novo\/index.php?rest_route=%2Fwp%2Fv2%2Ftags&post=41234"}],"curies":[{"name":"wp","href":"https:\/\/api.w.org\/{rel}","templated":true}]}}