{"id":41230,"date":"2018-12-07T10:12:24","date_gmt":"2018-12-07T12:12:24","guid":{"rendered":"http:\/\/www.portalmantena.com.br\/novo\/?p=41230"},"modified":"2018-12-07T10:12:24","modified_gmt":"2018-12-07T12:12:24","slug":"mutirao-de-natal-da-igreja-adventista-neste-sabado-colabore","status":"publish","type":"post","link":"http:\/\/www.portalmantena.com.br\/novo\/?p=41230","title":{"rendered":"Mutir\u00e3o de NATAL da Igreja Adventista neste s\u00e1bado, colabore."},"content":{"rendered":"<p><a href=\"http:\/\/www.portalmantena.com.br\/novo\/wp-content\/uploads\/2018\/12\/no071218natal.jpg\"><img loading=\"lazy\" class=\"alignnone size-full wp-image-41231\" src=\"http:\/\/www.portalmantena.com.br\/novo\/wp-content\/uploads\/2018\/12\/no071218natal.jpg\" alt=\"\" width=\"700\" height=\"450\" srcset=\"http:\/\/www.portalmantena.com.br\/novo\/wp-content\/uploads\/2018\/12\/no071218natal.jpg 700w, http:\/\/www.portalmantena.com.br\/novo\/wp-content\/uploads\/2018\/12\/no071218natal-300x193.jpg 300w, http:\/\/www.portalmantena.com.br\/novo\/wp-content\/uploads\/2018\/12\/no071218natal-696x447.jpg 696w, http:\/\/www.portalmantena.com.br\/novo\/wp-content\/uploads\/2018\/12\/no071218natal-653x420.jpg 653w\" sizes=\"(max-width: 700px) 100vw, 700px\" \/><\/a><\/p>\n<p><span style=\"font-size: 14pt;\">Neste s\u00e1bado dia 08 de Dezembro ser\u00e1 iniciado mais um Mutir\u00e3o de NATAL, da Igreja Adventista em Mantena, com o tema deste ano &#8220;Podemos Fazer mais&#8221;. Para tanto, membros da igreja e volunt\u00e1rios estar\u00e3o arrecadando alimentos pela cidade na manh\u00e3 deste s\u00e1bado, onde logo ap\u00f3s estar\u00e3o montando as Cestas para o Natal de diversas pessoas carentes de Mantena. <\/span><\/p>\n<p><span style=\"font-size: 14pt;\">Uma a\u00e7\u00e3o que j\u00e1 acontece por v\u00e1rios anos, e o resultado s\u00e3o v\u00e1rias fam\u00edlias atendidas com a solidariedade dos irm\u00e3os mantenenses. <\/span><\/p>\n<p><span style=\"font-size: 14pt;\">O roteiro para este s\u00e1bado ter\u00e1 in\u00edcio \u00e0s 10 horas, passando pelas ruas dos bairros Vila Nova, Frei C\u00e9zar, S\u00e3o Silvano, Alvorada e Tropical. No per\u00edodo da tarde a rota ser\u00e1 a partir das 15h30&#8242; passando por ruas do Centro da cidade e ainda pelos bairros Nicoline e Santo Ant\u00f4nio. <\/span><\/p>\n<p><span style=\"font-size: 14pt;\">&#8220;Se prepare para ajudar! abra seu cora\u00e7\u00e3o em favor de seu pr\u00f3ximo! Deus recompensar\u00e1&#8221;.<\/span><\/p>\n<p><a href=\"http:\/\/www.portalmantena.com.br\/novo\/\"><img loading=\"lazy\" class=\"alignnone size-full wp-image-37331\" src=\"http:\/\/www.portalmantena.com.br\/novo\/wp-content\/uploads\/2018\/05\/faixaportalnoticias5.jpg\" alt=\"\" width=\"700\" height=\"40\" srcset=\"http:\/\/www.portalmantena.com.br\/novo\/wp-content\/uploads\/2018\/05\/faixaportalnoticias5.jpg 700w, http:\/\/www.portalmantena.com.br\/novo\/wp-content\/uploads\/2018\/05\/faixaportalnoticias5-300x17.jpg 300w, http:\/\/www.portalmantena.com.br\/novo\/wp-content\/uploads\/2018\/05\/faixaportalnoticias5-696x40.jpg 696w\" sizes=\"(max-width: 700px) 100vw, 700px\" \/><\/a><\/p>\n<p><span style=\"font-size: 10pt;\">ESPA\u00c7O EMPRESARIAL<\/span><a href=\"http:\/\/www.molvw.com.br\/\"><img loading=\"lazy\" class=\"alignnone size-full wp-image-29504\" src=\"http:\/\/www.portalmantena.com.br\/novo\/wp-content\/uploads\/2018\/05\/molvolkswagen.jpg\" alt=\"\" width=\"700\" height=\"150\" srcset=\"http:\/\/www.portalmantena.com.br\/novo\/wp-content\/uploads\/2018\/05\/molvolkswagen.jpg 700w, http:\/\/www.portalmantena.com.br\/novo\/wp-content\/uploads\/2018\/05\/molvolkswagen-300x64.jpg 300w, http:\/\/www.portalmantena.com.br\/novo\/wp-content\/uploads\/2018\/05\/molvolkswagen-696x150.jpg 696w\" sizes=\"(max-width: 700px) 100vw, 700px\" \/><\/a><\/p>\n","protected":false},"excerpt":{"rendered":"<p>Neste s\u00e1bado dia 08 de Dezembro ser\u00e1 iniciado mais um Mutir\u00e3o de NATAL, da Igreja Adventista em Mantena, com o tema deste ano &#8220;Podemos Fazer mais&#8221;. Para tanto, membros da igreja e volunt\u00e1rios estar\u00e3o arrecadando alimentos pela cidade na manh\u00e3 deste s\u00e1bado, onde logo ap\u00f3s estar\u00e3o montando as Cestas para o Natal de diversas pessoas [&hellip;]<\/p>\n","protected":false},"author":1,"featured_media":41231,"comment_status":"open","ping_status":"open","sticky":false,"template":"","format":"standard","meta":[],"categories":[36,11],"tags":[],"_links":{"self":[{"href":"http:\/\/www.portalmantena.com.br\/novo\/index.php?rest_route=\/wp\/v2\/posts\/41230"}],"collection":[{"href":"http:\/\/www.portalmantena.com.br\/novo\/index.php?rest_route=\/wp\/v2\/posts"}],"about":[{"href":"http:\/\/www.portalmantena.com.br\/novo\/index.php?rest_route=\/wp\/v2\/types\/post"}],"author":[{"embeddable":true,"href":"http:\/\/www.portalmantena.com.br\/novo\/index.php?rest_route=\/wp\/v2\/users\/1"}],"replies":[{"embeddable":true,"href":"http:\/\/www.portalmantena.com.br\/novo\/index.php?rest_route=%2Fwp%2Fv2%2Fcomments&post=41230"}],"version-history":[{"count":1,"href":"http:\/\/www.portalmantena.com.br\/novo\/index.php?rest_route=\/wp\/v2\/posts\/41230\/revisions"}],"predecessor-version":[{"id":41232,"href":"http:\/\/www.portalmantena.com.br\/novo\/index.php?rest_route=\/wp\/v2\/posts\/41230\/revisions\/41232"}],"wp:featuredmedia":[{"embeddable":true,"href":"http:\/\/www.portalmantena.com.br\/novo\/index.php?rest_route=\/wp\/v2\/media\/41231"}],"wp:attachment":[{"href":"http:\/\/www.portalmantena.com.br\/novo\/index.php?rest_route=%2Fwp%2Fv2%2Fmedia&parent=41230"}],"wp:term":[{"taxonomy":"category","embeddable":true,"href":"http:\/\/www.portalmantena.com.br\/novo\/index.php?rest_route=%2Fwp%2Fv2%2Fcategories&post=41230"},{"taxonomy":"post_tag","embeddable":true,"href":"http:\/\/www.portalmantena.com.br\/novo\/index.php?rest_route=%2Fwp%2Fv2%2Ftags&post=41230"}],"curies":[{"name":"wp","href":"https:\/\/api.w.org\/{rel}","templated":true}]}}