{"id":41169,"date":"2018-12-06T21:45:19","date_gmt":"2018-12-06T23:45:19","guid":{"rendered":"http:\/\/www.portalmantena.com.br\/novo\/?p=41169"},"modified":"2018-12-06T13:46:53","modified_gmt":"2018-12-06T15:46:53","slug":"3o-encontro-de-carros-antigos-em-conceicao-da-barra","status":"publish","type":"post","link":"http:\/\/www.portalmantena.com.br\/novo\/?p=41169","title":{"rendered":"3\u00ba Encontro de Carros Antigos em Concei\u00e7\u00e3o da Barra"},"content":{"rendered":"<p><a href=\"http:\/\/www.portalmantena.com.br\/novo\/wp-content\/uploads\/2018\/12\/no061218carros.jpg\"><img loading=\"lazy\" class=\"alignnone size-full wp-image-41170\" src=\"http:\/\/www.portalmantena.com.br\/novo\/wp-content\/uploads\/2018\/12\/no061218carros.jpg\" alt=\"\" width=\"700\" height=\"450\" srcset=\"http:\/\/www.portalmantena.com.br\/novo\/wp-content\/uploads\/2018\/12\/no061218carros.jpg 700w, http:\/\/www.portalmantena.com.br\/novo\/wp-content\/uploads\/2018\/12\/no061218carros-300x193.jpg 300w, http:\/\/www.portalmantena.com.br\/novo\/wp-content\/uploads\/2018\/12\/no061218carros-696x447.jpg 696w, http:\/\/www.portalmantena.com.br\/novo\/wp-content\/uploads\/2018\/12\/no061218carros-653x420.jpg 653w\" sizes=\"(max-width: 700px) 100vw, 700px\" \/><\/a><\/p>\n<p><span style=\"font-size: 14pt;\">Nos dias 07, 08 e 09 de Dezembro, ou seja, nesta pr\u00f3xima sexta, s\u00e1bado e domingo, estar\u00e1 acontecendo na cidade capixaba de Concei\u00e7\u00e3o da Barra, o 3\u00ba Encontro de Carros Antigos. <\/span><\/p>\n<p><span style=\"font-size: 14pt;\">Segundo informa\u00e7\u00f5es, ser\u00e3o expostos mais de 100 ve\u00edculos antigos, com premia\u00e7\u00f5es anos 60, 70, 80 e 90. <\/span><\/p>\n<p><span style=\"font-size: 14pt;\">Ser\u00e1 sem d\u00favida mais uma bela edi\u00e7\u00e3o este evento que re\u00fane colecionadores e admiradores das belas m\u00e1quinas, uma oportunidade impar de voc\u00ea ver de perto o que tanto atrair os apaixonados por carros.<\/span><\/p>\n<p><a href=\"http:\/\/www.portalmantena.com.br\/novo\/\"><img loading=\"lazy\" class=\"alignnone size-full wp-image-37331\" src=\"http:\/\/www.portalmantena.com.br\/novo\/wp-content\/uploads\/2018\/05\/faixaportalnoticias5.jpg\" alt=\"\" width=\"700\" height=\"40\" srcset=\"http:\/\/www.portalmantena.com.br\/novo\/wp-content\/uploads\/2018\/05\/faixaportalnoticias5.jpg 700w, http:\/\/www.portalmantena.com.br\/novo\/wp-content\/uploads\/2018\/05\/faixaportalnoticias5-300x17.jpg 300w, http:\/\/www.portalmantena.com.br\/novo\/wp-content\/uploads\/2018\/05\/faixaportalnoticias5-696x40.jpg 696w\" sizes=\"(max-width: 700px) 100vw, 700px\" \/><\/a><\/p>\n<p><span style=\"font-size: 10pt;\">ESPA\u00c7O EMPRESARIAL<\/span><a href=\"http:\/\/www.molvw.com.br\/\"><img loading=\"lazy\" class=\"alignnone size-full wp-image-29504\" src=\"http:\/\/www.portalmantena.com.br\/novo\/wp-content\/uploads\/2018\/05\/molvolkswagen.jpg\" alt=\"\" width=\"700\" height=\"150\" srcset=\"http:\/\/www.portalmantena.com.br\/novo\/wp-content\/uploads\/2018\/05\/molvolkswagen.jpg 700w, http:\/\/www.portalmantena.com.br\/novo\/wp-content\/uploads\/2018\/05\/molvolkswagen-300x64.jpg 300w, http:\/\/www.portalmantena.com.br\/novo\/wp-content\/uploads\/2018\/05\/molvolkswagen-696x150.jpg 696w\" sizes=\"(max-width: 700px) 100vw, 700px\" \/><\/a><\/p>\n","protected":false},"excerpt":{"rendered":"<p>Nos dias 07, 08 e 09 de Dezembro, ou seja, nesta pr\u00f3xima sexta, s\u00e1bado e domingo, estar\u00e1 acontecendo na cidade capixaba de Concei\u00e7\u00e3o da Barra, o 3\u00ba Encontro de Carros Antigos. Segundo informa\u00e7\u00f5es, ser\u00e3o expostos mais de 100 ve\u00edculos antigos, com premia\u00e7\u00f5es anos 60, 70, 80 e 90. Ser\u00e1 sem d\u00favida mais uma bela edi\u00e7\u00e3o [&hellip;]<\/p>\n","protected":false},"author":1,"featured_media":41170,"comment_status":"open","ping_status":"open","sticky":false,"template":"","format":"standard","meta":[],"categories":[60,11,39],"tags":[],"_links":{"self":[{"href":"http:\/\/www.portalmantena.com.br\/novo\/index.php?rest_route=\/wp\/v2\/posts\/41169"}],"collection":[{"href":"http:\/\/www.portalmantena.com.br\/novo\/index.php?rest_route=\/wp\/v2\/posts"}],"about":[{"href":"http:\/\/www.portalmantena.com.br\/novo\/index.php?rest_route=\/wp\/v2\/types\/post"}],"author":[{"embeddable":true,"href":"http:\/\/www.portalmantena.com.br\/novo\/index.php?rest_route=\/wp\/v2\/users\/1"}],"replies":[{"embeddable":true,"href":"http:\/\/www.portalmantena.com.br\/novo\/index.php?rest_route=%2Fwp%2Fv2%2Fcomments&post=41169"}],"version-history":[{"count":1,"href":"http:\/\/www.portalmantena.com.br\/novo\/index.php?rest_route=\/wp\/v2\/posts\/41169\/revisions"}],"predecessor-version":[{"id":41171,"href":"http:\/\/www.portalmantena.com.br\/novo\/index.php?rest_route=\/wp\/v2\/posts\/41169\/revisions\/41171"}],"wp:featuredmedia":[{"embeddable":true,"href":"http:\/\/www.portalmantena.com.br\/novo\/index.php?rest_route=\/wp\/v2\/media\/41170"}],"wp:attachment":[{"href":"http:\/\/www.portalmantena.com.br\/novo\/index.php?rest_route=%2Fwp%2Fv2%2Fmedia&parent=41169"}],"wp:term":[{"taxonomy":"category","embeddable":true,"href":"http:\/\/www.portalmantena.com.br\/novo\/index.php?rest_route=%2Fwp%2Fv2%2Fcategories&post=41169"},{"taxonomy":"post_tag","embeddable":true,"href":"http:\/\/www.portalmantena.com.br\/novo\/index.php?rest_route=%2Fwp%2Fv2%2Ftags&post=41169"}],"curies":[{"name":"wp","href":"https:\/\/api.w.org\/{rel}","templated":true}]}}