{"id":41130,"date":"2018-12-06T09:24:54","date_gmt":"2018-12-06T11:24:54","guid":{"rendered":"http:\/\/www.portalmantena.com.br\/novo\/?p=41130"},"modified":"2018-12-06T11:14:04","modified_gmt":"2018-12-06T13:14:04","slug":"faleceu-nesta-quinta-feira-o-sr-jaime-de-souza-cunha","status":"publish","type":"post","link":"http:\/\/www.portalmantena.com.br\/novo\/?p=41130","title":{"rendered":"Faleceu nesta quinta-feira o Sr. Jaime de Souza Cunha"},"content":{"rendered":"<p><a href=\"http:\/\/www.portalmantena.com.br\/novo\/wp-content\/uploads\/2018\/12\/no061218lutojaime.jpg\"><img loading=\"lazy\" class=\"alignnone size-full wp-image-41131\" src=\"http:\/\/www.portalmantena.com.br\/novo\/wp-content\/uploads\/2018\/12\/no061218lutojaime.jpg\" alt=\"\" width=\"700\" height=\"450\" srcset=\"http:\/\/www.portalmantena.com.br\/novo\/wp-content\/uploads\/2018\/12\/no061218lutojaime.jpg 700w, http:\/\/www.portalmantena.com.br\/novo\/wp-content\/uploads\/2018\/12\/no061218lutojaime-300x193.jpg 300w, http:\/\/www.portalmantena.com.br\/novo\/wp-content\/uploads\/2018\/12\/no061218lutojaime-696x447.jpg 696w, http:\/\/www.portalmantena.com.br\/novo\/wp-content\/uploads\/2018\/12\/no061218lutojaime-653x420.jpg 653w\" sizes=\"(max-width: 700px) 100vw, 700px\" \/><\/a><\/p>\n<p><span style=\"font-size: 14pt;\">Faleceu na manh\u00e3 desta quinta-feira dia 06 de Dezembro, aos 86 anos, na cidade de Governador Valadares onde estava residindo, o ilustre mantenense ausente Sr. Jaime de Souza Cunha que se tornou conhecido em Mantena (no passado) por ter um Bar no bairro Vila Nova. <\/span><\/p>\n<p><span style=\"font-size: 14pt;\">De acordo com informa\u00e7\u00f5es, Sr. Jaime\u00a0sofreu\u00a0um AVC hemorr\u00e1gico no in\u00edcio desta semana,\u00a0passou por uma cirurgia, ficou internado e infelizmente veio a falecer nesta manh\u00e3 de quinta-feira. <\/span><\/p>\n<p><span style=\"font-size: 14pt;\">O\u00a0corpo ser\u00e1 transladado para Mantena, e ser\u00e1 velado a partir das 12 horas no Sal\u00e3o da Liga Cat\u00f3lica, (em frente ao centro Paroquial) situado\u00a0\u00e0 rua Wilson Melado, no centro em Mantena. <\/span><\/p>\n<p><span style=\"font-size: 14pt;\">O sepultamento acontecer\u00e1 nesta sexta-feira (7). \u00c0s 8 horas ser\u00e1 realizada uma Celebra\u00e7\u00e3o F\u00fanebre e logo ap\u00f3s o sepultamento no Cemit\u00e9rio do Centro em\u00a0Mantena.<\/span><\/p>\n<p><span style=\"font-size: 14pt;\">Os familiares, esposa Nely\u00a0de Souza Cunha, e os filhos Marcos, Kenia, Thais e Jaime junior, noras, genros netos e demais familiares agradecem aos que comparecerem.<\/span><\/p>\n<p><a href=\"http:\/\/www.portalmantena.com.br\/novo\/\"><img loading=\"lazy\" class=\"alignnone size-full wp-image-37331\" src=\"http:\/\/www.portalmantena.com.br\/novo\/wp-content\/uploads\/2018\/05\/faixaportalnoticias5.jpg\" alt=\"\" width=\"700\" height=\"40\" srcset=\"http:\/\/www.portalmantena.com.br\/novo\/wp-content\/uploads\/2018\/05\/faixaportalnoticias5.jpg 700w, http:\/\/www.portalmantena.com.br\/novo\/wp-content\/uploads\/2018\/05\/faixaportalnoticias5-300x17.jpg 300w, http:\/\/www.portalmantena.com.br\/novo\/wp-content\/uploads\/2018\/05\/faixaportalnoticias5-696x40.jpg 696w\" sizes=\"(max-width: 700px) 100vw, 700px\" \/><\/a><\/p>\n","protected":false},"excerpt":{"rendered":"<p>Faleceu na manh\u00e3 desta quinta-feira dia 06 de Dezembro, aos 86 anos, na cidade de Governador Valadares onde estava residindo, o ilustre mantenense ausente Sr. Jaime de Souza Cunha que se tornou conhecido em Mantena (no passado) por ter um Bar no bairro Vila Nova. De acordo com informa\u00e7\u00f5es, Sr. Jaime\u00a0sofreu\u00a0um AVC hemorr\u00e1gico no in\u00edcio [&hellip;]<\/p>\n","protected":false},"author":1,"featured_media":41131,"comment_status":"open","ping_status":"open","sticky":false,"template":"","format":"standard","meta":[],"categories":[36,11],"tags":[],"_links":{"self":[{"href":"http:\/\/www.portalmantena.com.br\/novo\/index.php?rest_route=\/wp\/v2\/posts\/41130"}],"collection":[{"href":"http:\/\/www.portalmantena.com.br\/novo\/index.php?rest_route=\/wp\/v2\/posts"}],"about":[{"href":"http:\/\/www.portalmantena.com.br\/novo\/index.php?rest_route=\/wp\/v2\/types\/post"}],"author":[{"embeddable":true,"href":"http:\/\/www.portalmantena.com.br\/novo\/index.php?rest_route=\/wp\/v2\/users\/1"}],"replies":[{"embeddable":true,"href":"http:\/\/www.portalmantena.com.br\/novo\/index.php?rest_route=%2Fwp%2Fv2%2Fcomments&post=41130"}],"version-history":[{"count":3,"href":"http:\/\/www.portalmantena.com.br\/novo\/index.php?rest_route=\/wp\/v2\/posts\/41130\/revisions"}],"predecessor-version":[{"id":41157,"href":"http:\/\/www.portalmantena.com.br\/novo\/index.php?rest_route=\/wp\/v2\/posts\/41130\/revisions\/41157"}],"wp:featuredmedia":[{"embeddable":true,"href":"http:\/\/www.portalmantena.com.br\/novo\/index.php?rest_route=\/wp\/v2\/media\/41131"}],"wp:attachment":[{"href":"http:\/\/www.portalmantena.com.br\/novo\/index.php?rest_route=%2Fwp%2Fv2%2Fmedia&parent=41130"}],"wp:term":[{"taxonomy":"category","embeddable":true,"href":"http:\/\/www.portalmantena.com.br\/novo\/index.php?rest_route=%2Fwp%2Fv2%2Fcategories&post=41130"},{"taxonomy":"post_tag","embeddable":true,"href":"http:\/\/www.portalmantena.com.br\/novo\/index.php?rest_route=%2Fwp%2Fv2%2Ftags&post=41130"}],"curies":[{"name":"wp","href":"https:\/\/api.w.org\/{rel}","templated":true}]}}