{"id":41096,"date":"2018-12-05T19:25:53","date_gmt":"2018-12-05T21:25:53","guid":{"rendered":"http:\/\/www.portalmantena.com.br\/novo\/?p=41096"},"modified":"2018-12-05T14:28:03","modified_gmt":"2018-12-05T16:28:03","slug":"mantena-ladrao-invade-residencia-rouba-dinheiro-e-acaba-preso","status":"publish","type":"post","link":"http:\/\/www.portalmantena.com.br\/novo\/?p=41096","title":{"rendered":"Mantena: Ladr\u00e3o invade resid\u00eancia, rouba dinheiro e acaba preso"},"content":{"rendered":"<p><a href=\"http:\/\/www.portalmantena.com.br\/novo\/wp-content\/uploads\/2018\/12\/pm3-1.jpg\"><img loading=\"lazy\" class=\"alignnone size-full wp-image-41097\" src=\"http:\/\/www.portalmantena.com.br\/novo\/wp-content\/uploads\/2018\/12\/pm3-1.jpg\" alt=\"\" width=\"700\" height=\"450\" srcset=\"http:\/\/www.portalmantena.com.br\/novo\/wp-content\/uploads\/2018\/12\/pm3-1.jpg 700w, http:\/\/www.portalmantena.com.br\/novo\/wp-content\/uploads\/2018\/12\/pm3-1-300x193.jpg 300w, http:\/\/www.portalmantena.com.br\/novo\/wp-content\/uploads\/2018\/12\/pm3-1-696x447.jpg 696w, http:\/\/www.portalmantena.com.br\/novo\/wp-content\/uploads\/2018\/12\/pm3-1-653x420.jpg 653w\" sizes=\"(max-width: 700px) 100vw, 700px\" \/><\/a><\/p>\n<p><span style=\"font-size: 14pt;\">O suspeito de envolvimento em um furto qualificado a resid\u00eancia, foi preso pela Pol\u00edcia Militar nesta ter\u00e7a-feira (4), em Mantena. Segundo informa\u00e7\u00f5es, o detido estava escondido em uma resid\u00eancia no bairro Santos Prates II, Rua Vereador Salustriano Sales Xavier. <\/span><\/p>\n<p><span style=\"font-size: 14pt;\">Segundo a PM, ele tinha v\u00e1rias passagens pela pol\u00edcia e um mandado de pris\u00e3o em aberto. <\/span><\/p>\n<p><span style=\"font-size: 14pt;\">Os policiais militares foram acionados sobre o furto a uma resid\u00eancia situada no bairro Esplanada e fizeram diversas dilig\u00eancias para encontrar o autor. <\/span><\/p>\n<p><span style=\"font-size: 14pt;\">Foram visualizadas inclusive algumas filmagens da a\u00e7\u00e3o do criminoso para identifica-lo. Durante os trabalhos foi abordado um VW gol que teria feito o transporte do suspeito. De acordo com informa\u00e7\u00f5es, foi furtado aproximadamente R$5.000,00 no interior da casa. <\/span><\/p>\n<p><span style=\"font-size: 14pt;\">O envolvido foi preso e encaminhado \u00e0 Delegacia de Pol\u00edcia Civil de Mantena, sendo autuado e encaminhado para o Pres\u00eddio local. (fonte:PM).<\/span><\/p>\n<p><a href=\"http:\/\/www.portalmantena.com.br\/novo\/\"><img loading=\"lazy\" class=\"alignnone size-full wp-image-37331\" src=\"http:\/\/www.portalmantena.com.br\/novo\/wp-content\/uploads\/2018\/05\/faixaportalnoticias5.jpg\" alt=\"\" width=\"700\" height=\"40\" srcset=\"http:\/\/www.portalmantena.com.br\/novo\/wp-content\/uploads\/2018\/05\/faixaportalnoticias5.jpg 700w, http:\/\/www.portalmantena.com.br\/novo\/wp-content\/uploads\/2018\/05\/faixaportalnoticias5-300x17.jpg 300w, http:\/\/www.portalmantena.com.br\/novo\/wp-content\/uploads\/2018\/05\/faixaportalnoticias5-696x40.jpg 696w\" sizes=\"(max-width: 700px) 100vw, 700px\" \/><\/a><\/p>\n<p><span style=\"font-size: 10pt;\">ESPA\u00c7O EMPRESARIAL<\/span><img loading=\"lazy\" class=\"alignnone size-full wp-image-30339\" src=\"http:\/\/www.portalmantena.com.br\/novo\/wp-content\/uploads\/2018\/05\/casadastintas.jpg\" alt=\"\" width=\"700\" height=\"150\" srcset=\"http:\/\/www.portalmantena.com.br\/novo\/wp-content\/uploads\/2018\/05\/casadastintas.jpg 700w, http:\/\/www.portalmantena.com.br\/novo\/wp-content\/uploads\/2018\/05\/casadastintas-300x64.jpg 300w, http:\/\/www.portalmantena.com.br\/novo\/wp-content\/uploads\/2018\/05\/casadastintas-696x150.jpg 696w\" sizes=\"(max-width: 700px) 100vw, 700px\" \/><\/p>\n","protected":false},"excerpt":{"rendered":"<p>O suspeito de envolvimento em um furto qualificado a resid\u00eancia, foi preso pela Pol\u00edcia Militar nesta ter\u00e7a-feira (4), em Mantena. Segundo informa\u00e7\u00f5es, o detido estava escondido em uma resid\u00eancia no bairro Santos Prates II, Rua Vereador Salustriano Sales Xavier. Segundo a PM, ele tinha v\u00e1rias passagens pela pol\u00edcia e um mandado de pris\u00e3o em aberto. [&hellip;]<\/p>\n","protected":false},"author":1,"featured_media":41097,"comment_status":"open","ping_status":"open","sticky":false,"template":"","format":"standard","meta":[],"categories":[36,11,34],"tags":[],"_links":{"self":[{"href":"http:\/\/www.portalmantena.com.br\/novo\/index.php?rest_route=\/wp\/v2\/posts\/41096"}],"collection":[{"href":"http:\/\/www.portalmantena.com.br\/novo\/index.php?rest_route=\/wp\/v2\/posts"}],"about":[{"href":"http:\/\/www.portalmantena.com.br\/novo\/index.php?rest_route=\/wp\/v2\/types\/post"}],"author":[{"embeddable":true,"href":"http:\/\/www.portalmantena.com.br\/novo\/index.php?rest_route=\/wp\/v2\/users\/1"}],"replies":[{"embeddable":true,"href":"http:\/\/www.portalmantena.com.br\/novo\/index.php?rest_route=%2Fwp%2Fv2%2Fcomments&post=41096"}],"version-history":[{"count":2,"href":"http:\/\/www.portalmantena.com.br\/novo\/index.php?rest_route=\/wp\/v2\/posts\/41096\/revisions"}],"predecessor-version":[{"id":41099,"href":"http:\/\/www.portalmantena.com.br\/novo\/index.php?rest_route=\/wp\/v2\/posts\/41096\/revisions\/41099"}],"wp:featuredmedia":[{"embeddable":true,"href":"http:\/\/www.portalmantena.com.br\/novo\/index.php?rest_route=\/wp\/v2\/media\/41097"}],"wp:attachment":[{"href":"http:\/\/www.portalmantena.com.br\/novo\/index.php?rest_route=%2Fwp%2Fv2%2Fmedia&parent=41096"}],"wp:term":[{"taxonomy":"category","embeddable":true,"href":"http:\/\/www.portalmantena.com.br\/novo\/index.php?rest_route=%2Fwp%2Fv2%2Fcategories&post=41096"},{"taxonomy":"post_tag","embeddable":true,"href":"http:\/\/www.portalmantena.com.br\/novo\/index.php?rest_route=%2Fwp%2Fv2%2Ftags&post=41096"}],"curies":[{"name":"wp","href":"https:\/\/api.w.org\/{rel}","templated":true}]}}