{"id":41052,"date":"2018-12-05T09:13:52","date_gmt":"2018-12-05T11:13:52","guid":{"rendered":"http:\/\/www.portalmantena.com.br\/novo\/?p=41052"},"modified":"2018-12-05T09:13:52","modified_gmt":"2018-12-05T11:13:52","slug":"jovens-atiram-em-homem-na-janela-erram-e-sao-presos","status":"publish","type":"post","link":"http:\/\/www.portalmantena.com.br\/novo\/?p=41052","title":{"rendered":"Jovens atiram em homem na janela, erram e s\u00e3o presos"},"content":{"rendered":"<p>&nbsp;<\/p>\n<p><span style=\"font-size: 14pt;\">Dois jovens, de 20 e 23 anos, foram presos suspeitos de tentar matar um homem, de 25 anos, neste domingo no bairro Palmeiras, na cidade de Governador Valadares. <\/span><\/p>\n<p><span style=\"font-size: 14pt;\">Segundo a Pol\u00edcia Militar, a v\u00edtima saiu na janela de casa para ver quem o chamava na rua e o suspeito, de 23, atirou. Ele se abaixou e n\u00e3o foi atingido. Os dois criminosos fugiram em um carro e foram presos durante rastreamento da PM. <\/span><\/p>\n<p><span style=\"font-size: 14pt;\">Eles disseram que o crime foi motivado por vingan\u00e7a, pois a v\u00edtima teria dado fuga para o assassino de um amigo deles. (fonte:g1\/vales).<\/span><\/p>\n<p><a href=\"http:\/\/www.portalmantena.com.br\/novo\/\"><img loading=\"lazy\" class=\"alignnone size-full wp-image-37331\" src=\"http:\/\/www.portalmantena.com.br\/novo\/wp-content\/uploads\/2018\/05\/faixaportalnoticias5.jpg\" alt=\"\" width=\"700\" height=\"40\" srcset=\"http:\/\/www.portalmantena.com.br\/novo\/wp-content\/uploads\/2018\/05\/faixaportalnoticias5.jpg 700w, http:\/\/www.portalmantena.com.br\/novo\/wp-content\/uploads\/2018\/05\/faixaportalnoticias5-300x17.jpg 300w, http:\/\/www.portalmantena.com.br\/novo\/wp-content\/uploads\/2018\/05\/faixaportalnoticias5-696x40.jpg 696w\" sizes=\"(max-width: 700px) 100vw, 700px\" \/><\/a><\/p>\n<p><span style=\"font-size: 10pt;\">ESPA\u00c7O EMPRESARIAL<\/span><a href=\"https:\/\/www.facebook.com\/redevalente\/\"><img loading=\"lazy\" class=\"alignnone size-full wp-image-29188\" src=\"http:\/\/www.portalmantena.com.br\/novo\/wp-content\/uploads\/2018\/05\/valentefaixa.jpg\" alt=\"\" width=\"700\" height=\"150\" srcset=\"http:\/\/www.portalmantena.com.br\/novo\/wp-content\/uploads\/2018\/05\/valentefaixa.jpg 700w, http:\/\/www.portalmantena.com.br\/novo\/wp-content\/uploads\/2018\/05\/valentefaixa-300x64.jpg 300w, http:\/\/www.portalmantena.com.br\/novo\/wp-content\/uploads\/2018\/05\/valentefaixa-696x150.jpg 696w\" sizes=\"(max-width: 700px) 100vw, 700px\" \/><\/a><\/p>\n","protected":false},"excerpt":{"rendered":"<p>&nbsp; Dois jovens, de 20 e 23 anos, foram presos suspeitos de tentar matar um homem, de 25 anos, neste domingo no bairro Palmeiras, na cidade de Governador Valadares. Segundo a Pol\u00edcia Militar, a v\u00edtima saiu na janela de casa para ver quem o chamava na rua e o suspeito, de 23, atirou. Ele se [&hellip;]<\/p>\n","protected":false},"author":1,"featured_media":0,"comment_status":"open","ping_status":"open","sticky":false,"template":"","format":"standard","meta":[],"categories":[24],"tags":[],"_links":{"self":[{"href":"http:\/\/www.portalmantena.com.br\/novo\/index.php?rest_route=\/wp\/v2\/posts\/41052"}],"collection":[{"href":"http:\/\/www.portalmantena.com.br\/novo\/index.php?rest_route=\/wp\/v2\/posts"}],"about":[{"href":"http:\/\/www.portalmantena.com.br\/novo\/index.php?rest_route=\/wp\/v2\/types\/post"}],"author":[{"embeddable":true,"href":"http:\/\/www.portalmantena.com.br\/novo\/index.php?rest_route=\/wp\/v2\/users\/1"}],"replies":[{"embeddable":true,"href":"http:\/\/www.portalmantena.com.br\/novo\/index.php?rest_route=%2Fwp%2Fv2%2Fcomments&post=41052"}],"version-history":[{"count":1,"href":"http:\/\/www.portalmantena.com.br\/novo\/index.php?rest_route=\/wp\/v2\/posts\/41052\/revisions"}],"predecessor-version":[{"id":41053,"href":"http:\/\/www.portalmantena.com.br\/novo\/index.php?rest_route=\/wp\/v2\/posts\/41052\/revisions\/41053"}],"wp:attachment":[{"href":"http:\/\/www.portalmantena.com.br\/novo\/index.php?rest_route=%2Fwp%2Fv2%2Fmedia&parent=41052"}],"wp:term":[{"taxonomy":"category","embeddable":true,"href":"http:\/\/www.portalmantena.com.br\/novo\/index.php?rest_route=%2Fwp%2Fv2%2Fcategories&post=41052"},{"taxonomy":"post_tag","embeddable":true,"href":"http:\/\/www.portalmantena.com.br\/novo\/index.php?rest_route=%2Fwp%2Fv2%2Ftags&post=41052"}],"curies":[{"name":"wp","href":"https:\/\/api.w.org\/{rel}","templated":true}]}}