{"id":40988,"date":"2018-12-04T09:09:14","date_gmt":"2018-12-04T11:09:14","guid":{"rendered":"http:\/\/www.portalmantena.com.br\/novo\/?p=40988"},"modified":"2018-12-04T09:09:14","modified_gmt":"2018-12-04T11:09:14","slug":"rede-de-pesca-e-recolhida-em-lagoa-pela-pm-ambiental","status":"publish","type":"post","link":"http:\/\/www.portalmantena.com.br\/novo\/?p=40988","title":{"rendered":"Rede de pesca \u00e9 recolhida em lagoa pela PM Ambiental"},"content":{"rendered":"<p><a href=\"http:\/\/www.portalmantena.com.br\/novo\/wp-content\/uploads\/2018\/12\/no041218pesca.jpg\"><img loading=\"lazy\" class=\"alignnone size-full wp-image-40989\" src=\"http:\/\/www.portalmantena.com.br\/novo\/wp-content\/uploads\/2018\/12\/no041218pesca.jpg\" alt=\"\" width=\"700\" height=\"450\" srcset=\"http:\/\/www.portalmantena.com.br\/novo\/wp-content\/uploads\/2018\/12\/no041218pesca.jpg 700w, http:\/\/www.portalmantena.com.br\/novo\/wp-content\/uploads\/2018\/12\/no041218pesca-300x193.jpg 300w, http:\/\/www.portalmantena.com.br\/novo\/wp-content\/uploads\/2018\/12\/no041218pesca-696x447.jpg 696w, http:\/\/www.portalmantena.com.br\/novo\/wp-content\/uploads\/2018\/12\/no041218pesca-653x420.jpg 653w\" sizes=\"(max-width: 700px) 100vw, 700px\" \/><\/a><\/p>\n<p><span style=\"font-size: 14pt;\">Neste domingo (02), uma equipe da 2\u00aa Companhia do Batalh\u00e3o de Pol\u00edcia Militar Ambiental deslocou-se at\u00e9 a Lagoa do Meio, situada no bairro Interlagos, no munic\u00edpio de Linhares, a fim de realizar policiamento\/fiscaliza\u00e7\u00e3o embarcado no referido local. <\/span><\/p>\n<p><span style=\"font-size: 14pt;\">Durante o ato fiscalizat\u00f3rio, foi localizada armada na lagoa uma rede de emalhar medindo aproximadamente 250 metros lineares. <\/span><\/p>\n<p><span style=\"font-size: 14pt;\">A rede foi recolhida por estar em desacordo com as Instru\u00e7\u00f5es Normativas IBAMA n\u00ba 195\/2008 e 196\/2008 &#8211; per\u00edodo de defeso\/ piracema e artigo 34 da Lei n\u00ba 9.605\/98. Na rede foram encontradas esp\u00e9cies de pescados vivos, que foram soltos no pr\u00f3prio local. Foram realizadas buscas, por\u00e9m o respons\u00e1vel n\u00e3o foi localizado. \u00a0<\/span><\/p>\n<p><span style=\"font-size: 14pt;\">Diante dos fatos, o material foi recolhido e entregue na Delegacia de Linhares para que fossem tomadas as devidas provid\u00eancias. <\/span><\/p>\n<p><span style=\"font-size: 14pt;\">O BPMA lembra que \u00e9 proibido o exerc\u00edcio da pesca nas lagoas marginais das bacias hidrogr\u00e1ficas do ES no per\u00edodo de prote\u00e7\u00e3o \u00e0 reprodu\u00e7\u00e3o natural dos peixes, estando os infratores sujeitos ao crime ambiental previsto na Lei 9.605\/98 com pena de deten\u00e7\u00e3o de um a tr\u00eas anos ou multa, ou ambas as penas cumulativamente.\u00a0(fonte\/foto:PM).<\/span><\/p>\n<p><a href=\"http:\/\/www.portalmantena.com.br\/novo\/\"><img loading=\"lazy\" class=\"alignnone size-full wp-image-37331\" src=\"http:\/\/www.portalmantena.com.br\/novo\/wp-content\/uploads\/2018\/05\/faixaportalnoticias5.jpg\" alt=\"\" width=\"700\" height=\"40\" srcset=\"http:\/\/www.portalmantena.com.br\/novo\/wp-content\/uploads\/2018\/05\/faixaportalnoticias5.jpg 700w, http:\/\/www.portalmantena.com.br\/novo\/wp-content\/uploads\/2018\/05\/faixaportalnoticias5-300x17.jpg 300w, http:\/\/www.portalmantena.com.br\/novo\/wp-content\/uploads\/2018\/05\/faixaportalnoticias5-696x40.jpg 696w\" sizes=\"(max-width: 700px) 100vw, 700px\" \/><\/a><\/p>\n<p><span style=\"font-size: 10pt;\">ESPA\u00c7O EMPRESARIAL<\/span><a href=\"http:\/\/www.molvw.com.br\/\"><img loading=\"lazy\" class=\"alignnone size-full wp-image-29504\" src=\"http:\/\/www.portalmantena.com.br\/novo\/wp-content\/uploads\/2018\/05\/molvolkswagen.jpg\" alt=\"\" width=\"700\" height=\"150\" srcset=\"http:\/\/www.portalmantena.com.br\/novo\/wp-content\/uploads\/2018\/05\/molvolkswagen.jpg 700w, http:\/\/www.portalmantena.com.br\/novo\/wp-content\/uploads\/2018\/05\/molvolkswagen-300x64.jpg 300w, http:\/\/www.portalmantena.com.br\/novo\/wp-content\/uploads\/2018\/05\/molvolkswagen-696x150.jpg 696w\" sizes=\"(max-width: 700px) 100vw, 700px\" \/><\/a><\/p>\n","protected":false},"excerpt":{"rendered":"<p>Neste domingo (02), uma equipe da 2\u00aa Companhia do Batalh\u00e3o de Pol\u00edcia Militar Ambiental deslocou-se at\u00e9 a Lagoa do Meio, situada no bairro Interlagos, no munic\u00edpio de Linhares, a fim de realizar policiamento\/fiscaliza\u00e7\u00e3o embarcado no referido local. Durante o ato fiscalizat\u00f3rio, foi localizada armada na lagoa uma rede de emalhar medindo aproximadamente 250 metros lineares. [&hellip;]<\/p>\n","protected":false},"author":1,"featured_media":40989,"comment_status":"open","ping_status":"open","sticky":false,"template":"","format":"standard","meta":[],"categories":[11,34],"tags":[],"_links":{"self":[{"href":"http:\/\/www.portalmantena.com.br\/novo\/index.php?rest_route=\/wp\/v2\/posts\/40988"}],"collection":[{"href":"http:\/\/www.portalmantena.com.br\/novo\/index.php?rest_route=\/wp\/v2\/posts"}],"about":[{"href":"http:\/\/www.portalmantena.com.br\/novo\/index.php?rest_route=\/wp\/v2\/types\/post"}],"author":[{"embeddable":true,"href":"http:\/\/www.portalmantena.com.br\/novo\/index.php?rest_route=\/wp\/v2\/users\/1"}],"replies":[{"embeddable":true,"href":"http:\/\/www.portalmantena.com.br\/novo\/index.php?rest_route=%2Fwp%2Fv2%2Fcomments&post=40988"}],"version-history":[{"count":1,"href":"http:\/\/www.portalmantena.com.br\/novo\/index.php?rest_route=\/wp\/v2\/posts\/40988\/revisions"}],"predecessor-version":[{"id":40990,"href":"http:\/\/www.portalmantena.com.br\/novo\/index.php?rest_route=\/wp\/v2\/posts\/40988\/revisions\/40990"}],"wp:featuredmedia":[{"embeddable":true,"href":"http:\/\/www.portalmantena.com.br\/novo\/index.php?rest_route=\/wp\/v2\/media\/40989"}],"wp:attachment":[{"href":"http:\/\/www.portalmantena.com.br\/novo\/index.php?rest_route=%2Fwp%2Fv2%2Fmedia&parent=40988"}],"wp:term":[{"taxonomy":"category","embeddable":true,"href":"http:\/\/www.portalmantena.com.br\/novo\/index.php?rest_route=%2Fwp%2Fv2%2Fcategories&post=40988"},{"taxonomy":"post_tag","embeddable":true,"href":"http:\/\/www.portalmantena.com.br\/novo\/index.php?rest_route=%2Fwp%2Fv2%2Ftags&post=40988"}],"curies":[{"name":"wp","href":"https:\/\/api.w.org\/{rel}","templated":true}]}}