{"id":40929,"date":"2018-12-03T09:42:32","date_gmt":"2018-12-03T11:42:32","guid":{"rendered":"http:\/\/www.portalmantena.com.br\/novo\/?p=40929"},"modified":"2018-12-03T09:42:32","modified_gmt":"2018-12-03T11:42:32","slug":"proerd-de-baixo-guandu-faz-formatura-de-352-alunos","status":"publish","type":"post","link":"http:\/\/www.portalmantena.com.br\/novo\/?p=40929","title":{"rendered":"PROERD de Baixo Guandu, faz formatura de 352 alunos"},"content":{"rendered":"<p><a href=\"http:\/\/www.portalmantena.com.br\/novo\/wp-content\/uploads\/2018\/12\/no031218proerd.jpg\"><img loading=\"lazy\" class=\"alignnone size-full wp-image-40930\" src=\"http:\/\/www.portalmantena.com.br\/novo\/wp-content\/uploads\/2018\/12\/no031218proerd.jpg\" alt=\"\" width=\"700\" height=\"450\" srcset=\"http:\/\/www.portalmantena.com.br\/novo\/wp-content\/uploads\/2018\/12\/no031218proerd.jpg 700w, http:\/\/www.portalmantena.com.br\/novo\/wp-content\/uploads\/2018\/12\/no031218proerd-300x193.jpg 300w, http:\/\/www.portalmantena.com.br\/novo\/wp-content\/uploads\/2018\/12\/no031218proerd-696x447.jpg 696w, http:\/\/www.portalmantena.com.br\/novo\/wp-content\/uploads\/2018\/12\/no031218proerd-653x420.jpg 653w\" sizes=\"(max-width: 700px) 100vw, 700px\" \/><\/a><\/p>\n<p><span style=\"font-size: 14pt;\">No in\u00edcio desta semana, a Pol\u00edcia Militar realizou a formatura dos alunos que conclu\u00edram o Programa Educacional de Resist\u00eancia \u00e0s Drogas (Proerd), na cidade capixaba de Baixo Guandu. <\/span><\/p>\n<p><span style=\"font-size: 14pt;\">O evento foi realizado na Quadra de Esportes do Clube Recreativo do munic\u00edpio, com a participa\u00e7\u00e3o de autoridades civis e militares, fam\u00edlias e 12 escolas contempladas pelo Programa, totalizando 352 alunos formandos. <\/span><\/p>\n<p><span style=\"font-size: 14pt;\">Durante a forma\u00e7\u00e3o, os alunos aprenderam n\u00e3o somente a dizer \u201cN\u00e3o \u00e0s drogas\u201d, como tamb\u00e9m refor\u00e7aram sua autoconfian\u00e7a. Na solenidade, eles receberam um certificado atestando a participa\u00e7\u00e3o no programa e oficializaram o compromisso de resistirem \u00e0s press\u00f5es e multiplicarem os ensinamentos recebidos. <\/span><\/p>\n<p><span style=\"font-size: 14pt;\">Um dos principais objetivos do programa \u00e9 conter a viol\u00eancia em todos os seus aspectos f\u00edsicos, morais e emocionais. Sua finalidade \u00e9 evitar que as crian\u00e7as e adolescentes, em fase escolar, experimentem ou iniciem o uso das diversas drogas existentes, despertando-lhes a consci\u00eancia para o problema, para que cres\u00e7am com sa\u00fade longe desse mal. <\/span><\/p>\n<p><span style=\"font-size: 14pt;\">O Proerd consiste em uma a\u00e7\u00e3o conjunta entre a Pol\u00edcia Militar, professores, pais e comunidade para o fortalecimento de uma cultura de paz e a constru\u00e7\u00e3o de uma sociedade mais saud\u00e1vel. (fonte\/foto:PM).<\/span><\/p>\n<p><a href=\"http:\/\/www.portalmantena.com.br\/novo\/\"><img loading=\"lazy\" class=\"alignnone size-full wp-image-37331\" src=\"http:\/\/www.portalmantena.com.br\/novo\/wp-content\/uploads\/2018\/05\/faixaportalnoticias5.jpg\" alt=\"\" width=\"700\" height=\"40\" srcset=\"http:\/\/www.portalmantena.com.br\/novo\/wp-content\/uploads\/2018\/05\/faixaportalnoticias5.jpg 700w, http:\/\/www.portalmantena.com.br\/novo\/wp-content\/uploads\/2018\/05\/faixaportalnoticias5-300x17.jpg 300w, http:\/\/www.portalmantena.com.br\/novo\/wp-content\/uploads\/2018\/05\/faixaportalnoticias5-696x40.jpg 696w\" sizes=\"(max-width: 700px) 100vw, 700px\" \/><\/a><\/p>\n<p><span style=\"font-size: 10pt;\">ESPA\u00c7O EMPRESARIAL<\/span><a href=\"https:\/\/www.facebook.com\/profile.php?id=100004934627949&amp;fref=ts\"><img loading=\"lazy\" class=\"alignnone size-full wp-image-36918\" src=\"http:\/\/www.portalmantena.com.br\/novo\/wp-content\/uploads\/2018\/05\/printcolor120918banner.jpg\" alt=\"\" width=\"700\" height=\"150\" srcset=\"http:\/\/www.portalmantena.com.br\/novo\/wp-content\/uploads\/2018\/05\/printcolor120918banner.jpg 700w, http:\/\/www.portalmantena.com.br\/novo\/wp-content\/uploads\/2018\/05\/printcolor120918banner-300x64.jpg 300w, http:\/\/www.portalmantena.com.br\/novo\/wp-content\/uploads\/2018\/05\/printcolor120918banner-696x150.jpg 696w\" sizes=\"(max-width: 700px) 100vw, 700px\" \/><\/a><\/p>\n","protected":false},"excerpt":{"rendered":"<p>No in\u00edcio desta semana, a Pol\u00edcia Militar realizou a formatura dos alunos que conclu\u00edram o Programa Educacional de Resist\u00eancia \u00e0s Drogas (Proerd), na cidade capixaba de Baixo Guandu. O evento foi realizado na Quadra de Esportes do Clube Recreativo do munic\u00edpio, com a participa\u00e7\u00e3o de autoridades civis e militares, fam\u00edlias e 12 escolas contempladas pelo [&hellip;]<\/p>\n","protected":false},"author":1,"featured_media":40930,"comment_status":"open","ping_status":"open","sticky":false,"template":"","format":"standard","meta":[],"categories":[11,39],"tags":[],"_links":{"self":[{"href":"http:\/\/www.portalmantena.com.br\/novo\/index.php?rest_route=\/wp\/v2\/posts\/40929"}],"collection":[{"href":"http:\/\/www.portalmantena.com.br\/novo\/index.php?rest_route=\/wp\/v2\/posts"}],"about":[{"href":"http:\/\/www.portalmantena.com.br\/novo\/index.php?rest_route=\/wp\/v2\/types\/post"}],"author":[{"embeddable":true,"href":"http:\/\/www.portalmantena.com.br\/novo\/index.php?rest_route=\/wp\/v2\/users\/1"}],"replies":[{"embeddable":true,"href":"http:\/\/www.portalmantena.com.br\/novo\/index.php?rest_route=%2Fwp%2Fv2%2Fcomments&post=40929"}],"version-history":[{"count":1,"href":"http:\/\/www.portalmantena.com.br\/novo\/index.php?rest_route=\/wp\/v2\/posts\/40929\/revisions"}],"predecessor-version":[{"id":40931,"href":"http:\/\/www.portalmantena.com.br\/novo\/index.php?rest_route=\/wp\/v2\/posts\/40929\/revisions\/40931"}],"wp:featuredmedia":[{"embeddable":true,"href":"http:\/\/www.portalmantena.com.br\/novo\/index.php?rest_route=\/wp\/v2\/media\/40930"}],"wp:attachment":[{"href":"http:\/\/www.portalmantena.com.br\/novo\/index.php?rest_route=%2Fwp%2Fv2%2Fmedia&parent=40929"}],"wp:term":[{"taxonomy":"category","embeddable":true,"href":"http:\/\/www.portalmantena.com.br\/novo\/index.php?rest_route=%2Fwp%2Fv2%2Fcategories&post=40929"},{"taxonomy":"post_tag","embeddable":true,"href":"http:\/\/www.portalmantena.com.br\/novo\/index.php?rest_route=%2Fwp%2Fv2%2Ftags&post=40929"}],"curies":[{"name":"wp","href":"https:\/\/api.w.org\/{rel}","templated":true}]}}