{"id":40926,"date":"2018-12-03T09:33:26","date_gmt":"2018-12-03T11:33:26","guid":{"rendered":"http:\/\/www.portalmantena.com.br\/novo\/?p=40926"},"modified":"2018-12-03T09:33:26","modified_gmt":"2018-12-03T11:33:26","slug":"homem-atira-contra-policiais-e-acaba-preso-em-guriri","status":"publish","type":"post","link":"http:\/\/www.portalmantena.com.br\/novo\/?p=40926","title":{"rendered":"Homem atira contra policiais e acaba preso em Guriri"},"content":{"rendered":"<p><a href=\"http:\/\/www.portalmantena.com.br\/novo\/wp-content\/uploads\/2018\/12\/pm3.jpg\"><img loading=\"lazy\" class=\"alignnone size-full wp-image-40927\" src=\"http:\/\/www.portalmantena.com.br\/novo\/wp-content\/uploads\/2018\/12\/pm3.jpg\" alt=\"\" width=\"700\" height=\"450\" srcset=\"http:\/\/www.portalmantena.com.br\/novo\/wp-content\/uploads\/2018\/12\/pm3.jpg 700w, http:\/\/www.portalmantena.com.br\/novo\/wp-content\/uploads\/2018\/12\/pm3-300x193.jpg 300w, http:\/\/www.portalmantena.com.br\/novo\/wp-content\/uploads\/2018\/12\/pm3-696x447.jpg 696w, http:\/\/www.portalmantena.com.br\/novo\/wp-content\/uploads\/2018\/12\/pm3-653x420.jpg 653w\" sizes=\"(max-width: 700px) 100vw, 700px\" \/><\/a><\/p>\n<p><span style=\"font-size: 14pt;\">Na madrugada da \u00faltima sexta-feira (30), no balne\u00e1rio de Guriri, munic\u00edpio de S\u00e3o Mateus, a pol\u00edcia militar recebeu den\u00fancia de que um homem armado, estaria tentando furtar o ve\u00edculo Fiat\/Strada de cor branca, com placas OVK 2442 nas proximidades da rua Hor\u00e1cio Barbosa Alves, os militares da 4\u00aa Companhia do 13\u00b0 BPM foram ao local averiguar. <\/span><\/p>\n<p><span style=\"font-size: 14pt;\">Diante das informa\u00e7\u00f5es os militares localizaram o ve\u00edculo transitando na Avenida Governador Eurico Vieira Rezende. Ao avistar os militares, o autor realizou disparos de arma de fogo em dire\u00e7\u00e3o \u00e0 guarni\u00e7\u00e3o e evadiu. Ap\u00f3s acompanhamento foi detido e identificado como M.J.D.S., de 24 anos.<\/span><\/p>\n<p><span style=\"font-size: 14pt;\"> A arma utilizada, 01 (uma) garrucha calibre 32 foi localizada as margens da rodovia e apreendida, juntamente com 02 (duas) muni\u00e7\u00f5es, o ve\u00edculo Fiat\/Strada, uma carteira, j\u00f3ias e R$ 35,00 (trinta e cinco reais). O autor foi encaminhado para a delegacia de plant\u00e3o. (fonte:PM).<\/span><\/p>\n<p><a href=\"http:\/\/www.portalmantena.com.br\/novo\/\"><img loading=\"lazy\" class=\"alignnone size-full wp-image-37331\" src=\"http:\/\/www.portalmantena.com.br\/novo\/wp-content\/uploads\/2018\/05\/faixaportalnoticias5.jpg\" alt=\"\" width=\"700\" height=\"40\" srcset=\"http:\/\/www.portalmantena.com.br\/novo\/wp-content\/uploads\/2018\/05\/faixaportalnoticias5.jpg 700w, http:\/\/www.portalmantena.com.br\/novo\/wp-content\/uploads\/2018\/05\/faixaportalnoticias5-300x17.jpg 300w, http:\/\/www.portalmantena.com.br\/novo\/wp-content\/uploads\/2018\/05\/faixaportalnoticias5-696x40.jpg 696w\" sizes=\"(max-width: 700px) 100vw, 700px\" \/><\/a><\/p>\n<p><span style=\"font-size: 10pt;\">ESPA\u00c7O EMPRESARIAL<\/span><a href=\"http:\/\/www.portalmantena.com.br\/novo\/?p=39696\"><img src=\"http:\/\/www.portalmantena.com.br\/novo\/wp-content\/uploads\/2018\/11\/uni051118p.jpg\" \/><\/a><\/p>\n","protected":false},"excerpt":{"rendered":"<p>Na madrugada da \u00faltima sexta-feira (30), no balne\u00e1rio de Guriri, munic\u00edpio de S\u00e3o Mateus, a pol\u00edcia militar recebeu den\u00fancia de que um homem armado, estaria tentando furtar o ve\u00edculo Fiat\/Strada de cor branca, com placas OVK 2442 nas proximidades da rua Hor\u00e1cio Barbosa Alves, os militares da 4\u00aa Companhia do 13\u00b0 BPM foram ao local [&hellip;]<\/p>\n","protected":false},"author":1,"featured_media":40927,"comment_status":"open","ping_status":"open","sticky":false,"template":"","format":"standard","meta":[],"categories":[11,34],"tags":[],"_links":{"self":[{"href":"http:\/\/www.portalmantena.com.br\/novo\/index.php?rest_route=\/wp\/v2\/posts\/40926"}],"collection":[{"href":"http:\/\/www.portalmantena.com.br\/novo\/index.php?rest_route=\/wp\/v2\/posts"}],"about":[{"href":"http:\/\/www.portalmantena.com.br\/novo\/index.php?rest_route=\/wp\/v2\/types\/post"}],"author":[{"embeddable":true,"href":"http:\/\/www.portalmantena.com.br\/novo\/index.php?rest_route=\/wp\/v2\/users\/1"}],"replies":[{"embeddable":true,"href":"http:\/\/www.portalmantena.com.br\/novo\/index.php?rest_route=%2Fwp%2Fv2%2Fcomments&post=40926"}],"version-history":[{"count":1,"href":"http:\/\/www.portalmantena.com.br\/novo\/index.php?rest_route=\/wp\/v2\/posts\/40926\/revisions"}],"predecessor-version":[{"id":40928,"href":"http:\/\/www.portalmantena.com.br\/novo\/index.php?rest_route=\/wp\/v2\/posts\/40926\/revisions\/40928"}],"wp:featuredmedia":[{"embeddable":true,"href":"http:\/\/www.portalmantena.com.br\/novo\/index.php?rest_route=\/wp\/v2\/media\/40927"}],"wp:attachment":[{"href":"http:\/\/www.portalmantena.com.br\/novo\/index.php?rest_route=%2Fwp%2Fv2%2Fmedia&parent=40926"}],"wp:term":[{"taxonomy":"category","embeddable":true,"href":"http:\/\/www.portalmantena.com.br\/novo\/index.php?rest_route=%2Fwp%2Fv2%2Fcategories&post=40926"},{"taxonomy":"post_tag","embeddable":true,"href":"http:\/\/www.portalmantena.com.br\/novo\/index.php?rest_route=%2Fwp%2Fv2%2Ftags&post=40926"}],"curies":[{"name":"wp","href":"https:\/\/api.w.org\/{rel}","templated":true}]}}