{"id":40815,"date":"2018-11-29T19:54:44","date_gmt":"2018-11-29T21:54:44","guid":{"rendered":"http:\/\/www.portalmantena.com.br\/novo\/?p=40815"},"modified":"2018-11-29T13:47:56","modified_gmt":"2018-11-29T15:47:56","slug":"encontro-de-trilheiros-em-prol-da-saude-de-uma-crianca","status":"publish","type":"post","link":"http:\/\/www.portalmantena.com.br\/novo\/?p=40815","title":{"rendered":"Encontro de Trilheiros em prol da sa\u00fade de uma crian\u00e7a"},"content":{"rendered":"<p><a href=\"http:\/\/www.portalmantena.com.br\/novo\/wp-content\/uploads\/2018\/11\/no291118trilha.jpg\"><img loading=\"lazy\" class=\"alignnone size-full wp-image-40816\" src=\"http:\/\/www.portalmantena.com.br\/novo\/wp-content\/uploads\/2018\/11\/no291118trilha.jpg\" alt=\"\" width=\"700\" height=\"450\" srcset=\"http:\/\/www.portalmantena.com.br\/novo\/wp-content\/uploads\/2018\/11\/no291118trilha.jpg 700w, http:\/\/www.portalmantena.com.br\/novo\/wp-content\/uploads\/2018\/11\/no291118trilha-300x193.jpg 300w, http:\/\/www.portalmantena.com.br\/novo\/wp-content\/uploads\/2018\/11\/no291118trilha-696x447.jpg 696w, http:\/\/www.portalmantena.com.br\/novo\/wp-content\/uploads\/2018\/11\/no291118trilha-653x420.jpg 653w\" sizes=\"(max-width: 700px) 100vw, 700px\" \/><\/a><\/p>\n<p><span style=\"font-size: 14pt;\">No pr\u00f3ximo domingo dia 02 de Dezembro, a partir das 8 horas da manh\u00e3, acontecer\u00e1 na cidade de Barra de S\u00e3o Francisco, um Encontro de Trilheiros que ter\u00e1 um car\u00e1ter tamb\u00e9m de ajudar ou seja &#8220;Beneficente&#8221;. <\/span><\/p>\n<p><span style=\"font-size: 14pt;\">Amigos que gostam e praticam o esporte das trilhas sob motos na regi\u00e3o estar\u00e3o se reunindo em mais um evento cheio de adrenalina, aventura e a\u00e7\u00e3o social. <\/span><\/p>\n<p><span style=\"font-size: 14pt;\">O Encontro Beneficente de Trilheiros ter\u00e1 um momento de arrecada\u00e7\u00e3o atrav\u00e9s de uma Rifa, em prol do menino Lorenzo Cunha Carvalho, de 3 anos, que estar\u00e1 se tratando contra um c\u00e2ncer. <\/span><\/p>\n<p><span style=\"font-size: 14pt;\">A Rifa que custa R$ 10 reais dar\u00e1 direito ao sorteio de uma TV 32 polegadas. <\/span><\/p>\n<p><span style=\"font-size: 14pt;\">O sorteio ser\u00e1 realizado a partir das 14 horas nas depend\u00eancias da AABB, onde o evento ter\u00e1 sua largada e chegada. Voc\u00ea que \u00e9 piloto participe deste evento e da campanha que est\u00e1 sendo feito em prol desta crian\u00e7a, e se desejar fazer uma contribui\u00e7\u00e3o maior, a doa\u00e7\u00e3o poder\u00e1 ser feita no local.<\/span><\/p>\n<p><a href=\"http:\/\/www.portalmantena.com.br\/novo\/\"><img loading=\"lazy\" class=\"alignnone size-full wp-image-37331\" src=\"http:\/\/www.portalmantena.com.br\/novo\/wp-content\/uploads\/2018\/05\/faixaportalnoticias5.jpg\" alt=\"\" width=\"700\" height=\"40\" srcset=\"http:\/\/www.portalmantena.com.br\/novo\/wp-content\/uploads\/2018\/05\/faixaportalnoticias5.jpg 700w, http:\/\/www.portalmantena.com.br\/novo\/wp-content\/uploads\/2018\/05\/faixaportalnoticias5-300x17.jpg 300w, http:\/\/www.portalmantena.com.br\/novo\/wp-content\/uploads\/2018\/05\/faixaportalnoticias5-696x40.jpg 696w\" sizes=\"(max-width: 700px) 100vw, 700px\" \/><\/a><\/p>\n<p><span style=\"font-size: 10pt;\">ESPA\u00c7O EMPRESARIAL<\/span><img loading=\"lazy\" class=\"alignnone size-full wp-image-30339\" src=\"http:\/\/www.portalmantena.com.br\/novo\/wp-content\/uploads\/2018\/05\/casadastintas.jpg\" alt=\"\" width=\"700\" height=\"150\" srcset=\"http:\/\/www.portalmantena.com.br\/novo\/wp-content\/uploads\/2018\/05\/casadastintas.jpg 700w, http:\/\/www.portalmantena.com.br\/novo\/wp-content\/uploads\/2018\/05\/casadastintas-300x64.jpg 300w, http:\/\/www.portalmantena.com.br\/novo\/wp-content\/uploads\/2018\/05\/casadastintas-696x150.jpg 696w\" sizes=\"(max-width: 700px) 100vw, 700px\" \/><\/p>\n","protected":false},"excerpt":{"rendered":"<p>No pr\u00f3ximo domingo dia 02 de Dezembro, a partir das 8 horas da manh\u00e3, acontecer\u00e1 na cidade de Barra de S\u00e3o Francisco, um Encontro de Trilheiros que ter\u00e1 um car\u00e1ter tamb\u00e9m de ajudar ou seja &#8220;Beneficente&#8221;. Amigos que gostam e praticam o esporte das trilhas sob motos na regi\u00e3o estar\u00e3o se reunindo em mais um [&hellip;]<\/p>\n","protected":false},"author":1,"featured_media":40816,"comment_status":"open","ping_status":"open","sticky":false,"template":"","format":"standard","meta":[],"categories":[12,22,39],"tags":[],"_links":{"self":[{"href":"http:\/\/www.portalmantena.com.br\/novo\/index.php?rest_route=\/wp\/v2\/posts\/40815"}],"collection":[{"href":"http:\/\/www.portalmantena.com.br\/novo\/index.php?rest_route=\/wp\/v2\/posts"}],"about":[{"href":"http:\/\/www.portalmantena.com.br\/novo\/index.php?rest_route=\/wp\/v2\/types\/post"}],"author":[{"embeddable":true,"href":"http:\/\/www.portalmantena.com.br\/novo\/index.php?rest_route=\/wp\/v2\/users\/1"}],"replies":[{"embeddable":true,"href":"http:\/\/www.portalmantena.com.br\/novo\/index.php?rest_route=%2Fwp%2Fv2%2Fcomments&post=40815"}],"version-history":[{"count":1,"href":"http:\/\/www.portalmantena.com.br\/novo\/index.php?rest_route=\/wp\/v2\/posts\/40815\/revisions"}],"predecessor-version":[{"id":40817,"href":"http:\/\/www.portalmantena.com.br\/novo\/index.php?rest_route=\/wp\/v2\/posts\/40815\/revisions\/40817"}],"wp:featuredmedia":[{"embeddable":true,"href":"http:\/\/www.portalmantena.com.br\/novo\/index.php?rest_route=\/wp\/v2\/media\/40816"}],"wp:attachment":[{"href":"http:\/\/www.portalmantena.com.br\/novo\/index.php?rest_route=%2Fwp%2Fv2%2Fmedia&parent=40815"}],"wp:term":[{"taxonomy":"category","embeddable":true,"href":"http:\/\/www.portalmantena.com.br\/novo\/index.php?rest_route=%2Fwp%2Fv2%2Fcategories&post=40815"},{"taxonomy":"post_tag","embeddable":true,"href":"http:\/\/www.portalmantena.com.br\/novo\/index.php?rest_route=%2Fwp%2Fv2%2Ftags&post=40815"}],"curies":[{"name":"wp","href":"https:\/\/api.w.org\/{rel}","templated":true}]}}