{"id":40810,"date":"2018-11-29T11:33:14","date_gmt":"2018-11-29T13:33:14","guid":{"rendered":"http:\/\/www.portalmantena.com.br\/novo\/?p=40810"},"modified":"2018-11-29T11:33:14","modified_gmt":"2018-11-29T13:33:14","slug":"empresario-de-mantenopolis-tambem-investiu-na-energia-solar","status":"publish","type":"post","link":"http:\/\/www.portalmantena.com.br\/novo\/?p=40810","title":{"rendered":"Empres\u00e1rio de Manten\u00f3polis tamb\u00e9m investiu na Energia Solar"},"content":{"rendered":"<p><a href=\"http:\/\/www.portalmantena.com.br\/novo\/wp-content\/uploads\/2018\/11\/no291118solar2.jpg\"><img loading=\"lazy\" class=\"alignnone size-full wp-image-40812\" src=\"http:\/\/www.portalmantena.com.br\/novo\/wp-content\/uploads\/2018\/11\/no291118solar2.jpg\" alt=\"\" width=\"700\" height=\"450\" srcset=\"http:\/\/www.portalmantena.com.br\/novo\/wp-content\/uploads\/2018\/11\/no291118solar2.jpg 700w, http:\/\/www.portalmantena.com.br\/novo\/wp-content\/uploads\/2018\/11\/no291118solar2-300x193.jpg 300w, http:\/\/www.portalmantena.com.br\/novo\/wp-content\/uploads\/2018\/11\/no291118solar2-696x447.jpg 696w, http:\/\/www.portalmantena.com.br\/novo\/wp-content\/uploads\/2018\/11\/no291118solar2-653x420.jpg 653w\" sizes=\"(max-width: 700px) 100vw, 700px\" \/><\/a><\/p>\n<p><span style=\"font-size: 14pt;\">Os interessados em economizar energia el\u00e9trica est\u00e3o se multiplicando em Mantena e regi\u00e3o, e al\u00e9m disso pensando na quest\u00e3o ambiental a capta\u00e7\u00e3o de energia solar, que chegou de vez na regi\u00e3o, vem a cada dia ganhando mais espa\u00e7o e provando que se trata realmente de uma alternativa vi\u00e1vel, pois trata-se de energia limpa. <\/span><\/p>\n<p><span style=\"font-size: 14pt;\">Na mat\u00e9ria vemos o empres\u00e1rio e morador da cidade de Manten\u00f3polis, o Sr. Levi Vitalino, que fez um investimento em um sistema de capta\u00e7\u00e3o de energia solar com 32 placas, que far\u00e3o a gera\u00e7\u00e3o de uma economia m\u00e9dia de R$ 1.000 reais mensais. <\/span><\/p>\n<p><span style=\"font-size: 14pt;\">Este investimento ir\u00e1 atender a demanda de um a\u00e7ougue e de duas resid\u00eancias, e com certeza em pouco tempo j\u00e1 ter\u00e1 o que foi aplicado inicialmente, como retorno permanente. <\/span><\/p>\n<p><span style=\"font-size: 14pt;\">Fa\u00e7a voc\u00ea tamb\u00e9m as contas e veja se n\u00e3o est\u00e1 na hora de pensar em se adequar ao futuro, com a chegada da energia solar. <\/span><\/p>\n<p><span style=\"font-size: 14pt;\">Voc\u00ea que est\u00e1 interessado nesta nova op\u00e7\u00e3o de produzir sua pr\u00f3pria energia, fa\u00e7a contato com a empresa Tempo Solar em Mantena, solicite uma visita e um or\u00e7amento sem compromisso com o representante\u00a0<strong>Emerson Alves, atrav\u00e9s do telefone: (33) 9 8864-0218 (Whatsapp)<\/strong>.<\/span><\/p>\n<p><a href=\"http:\/\/www.portalmantena.com.br\/novo\/wp-content\/uploads\/2018\/11\/no291118solar3.jpg\"><img loading=\"lazy\" class=\"alignnone size-full wp-image-40813\" src=\"http:\/\/www.portalmantena.com.br\/novo\/wp-content\/uploads\/2018\/11\/no291118solar3.jpg\" alt=\"\" width=\"700\" height=\"450\" srcset=\"http:\/\/www.portalmantena.com.br\/novo\/wp-content\/uploads\/2018\/11\/no291118solar3.jpg 700w, http:\/\/www.portalmantena.com.br\/novo\/wp-content\/uploads\/2018\/11\/no291118solar3-300x193.jpg 300w, http:\/\/www.portalmantena.com.br\/novo\/wp-content\/uploads\/2018\/11\/no291118solar3-696x447.jpg 696w, http:\/\/www.portalmantena.com.br\/novo\/wp-content\/uploads\/2018\/11\/no291118solar3-653x420.jpg 653w\" sizes=\"(max-width: 700px) 100vw, 700px\" \/><\/a><a href=\"http:\/\/www.portalmantena.com.br\/novo\/wp-content\/uploads\/2018\/11\/no291118solar1.jpg\"><img loading=\"lazy\" class=\"alignnone size-full wp-image-40811\" src=\"http:\/\/www.portalmantena.com.br\/novo\/wp-content\/uploads\/2018\/11\/no291118solar1.jpg\" alt=\"\" width=\"700\" height=\"450\" srcset=\"http:\/\/www.portalmantena.com.br\/novo\/wp-content\/uploads\/2018\/11\/no291118solar1.jpg 700w, http:\/\/www.portalmantena.com.br\/novo\/wp-content\/uploads\/2018\/11\/no291118solar1-300x193.jpg 300w, http:\/\/www.portalmantena.com.br\/novo\/wp-content\/uploads\/2018\/11\/no291118solar1-696x447.jpg 696w, http:\/\/www.portalmantena.com.br\/novo\/wp-content\/uploads\/2018\/11\/no291118solar1-653x420.jpg 653w\" sizes=\"(max-width: 700px) 100vw, 700px\" \/><\/a><a href=\"http:\/\/www.portalmantena.com.br\/novo\/\"><img loading=\"lazy\" class=\"alignnone size-full wp-image-37331\" src=\"http:\/\/www.portalmantena.com.br\/novo\/wp-content\/uploads\/2018\/05\/faixaportalnoticias5.jpg\" alt=\"\" width=\"700\" height=\"40\" srcset=\"http:\/\/www.portalmantena.com.br\/novo\/wp-content\/uploads\/2018\/05\/faixaportalnoticias5.jpg 700w, http:\/\/www.portalmantena.com.br\/novo\/wp-content\/uploads\/2018\/05\/faixaportalnoticias5-300x17.jpg 300w, http:\/\/www.portalmantena.com.br\/novo\/wp-content\/uploads\/2018\/05\/faixaportalnoticias5-696x40.jpg 696w\" sizes=\"(max-width: 700px) 100vw, 700px\" \/><\/a><\/p>\n<p><span style=\"font-size: 10pt;\">ESPA\u00c7O EMPRESARIAL<\/span><img src=\"http:\/\/www.portalmantena.com.br\/novo\/wp-content\/uploads\/2018\/03\/temposolar1.jpg\" \/><\/p>\n","protected":false},"excerpt":{"rendered":"<p>Os interessados em economizar energia el\u00e9trica est\u00e3o se multiplicando em Mantena e regi\u00e3o, e al\u00e9m disso pensando na quest\u00e3o ambiental a capta\u00e7\u00e3o de energia solar, que chegou de vez na regi\u00e3o, vem a cada dia ganhando mais espa\u00e7o e provando que se trata realmente de uma alternativa vi\u00e1vel, pois trata-se de energia limpa. Na mat\u00e9ria [&hellip;]<\/p>\n","protected":false},"author":1,"featured_media":40812,"comment_status":"open","ping_status":"open","sticky":false,"template":"","format":"standard","meta":[],"categories":[36,11,39],"tags":[],"_links":{"self":[{"href":"http:\/\/www.portalmantena.com.br\/novo\/index.php?rest_route=\/wp\/v2\/posts\/40810"}],"collection":[{"href":"http:\/\/www.portalmantena.com.br\/novo\/index.php?rest_route=\/wp\/v2\/posts"}],"about":[{"href":"http:\/\/www.portalmantena.com.br\/novo\/index.php?rest_route=\/wp\/v2\/types\/post"}],"author":[{"embeddable":true,"href":"http:\/\/www.portalmantena.com.br\/novo\/index.php?rest_route=\/wp\/v2\/users\/1"}],"replies":[{"embeddable":true,"href":"http:\/\/www.portalmantena.com.br\/novo\/index.php?rest_route=%2Fwp%2Fv2%2Fcomments&post=40810"}],"version-history":[{"count":1,"href":"http:\/\/www.portalmantena.com.br\/novo\/index.php?rest_route=\/wp\/v2\/posts\/40810\/revisions"}],"predecessor-version":[{"id":40814,"href":"http:\/\/www.portalmantena.com.br\/novo\/index.php?rest_route=\/wp\/v2\/posts\/40810\/revisions\/40814"}],"wp:featuredmedia":[{"embeddable":true,"href":"http:\/\/www.portalmantena.com.br\/novo\/index.php?rest_route=\/wp\/v2\/media\/40812"}],"wp:attachment":[{"href":"http:\/\/www.portalmantena.com.br\/novo\/index.php?rest_route=%2Fwp%2Fv2%2Fmedia&parent=40810"}],"wp:term":[{"taxonomy":"category","embeddable":true,"href":"http:\/\/www.portalmantena.com.br\/novo\/index.php?rest_route=%2Fwp%2Fv2%2Fcategories&post=40810"},{"taxonomy":"post_tag","embeddable":true,"href":"http:\/\/www.portalmantena.com.br\/novo\/index.php?rest_route=%2Fwp%2Fv2%2Ftags&post=40810"}],"curies":[{"name":"wp","href":"https:\/\/api.w.org\/{rel}","templated":true}]}}