{"id":40745,"date":"2018-11-28T22:50:43","date_gmt":"2018-11-29T00:50:43","guid":{"rendered":"http:\/\/www.portalmantena.com.br\/novo\/?p=40745"},"modified":"2018-11-28T15:12:53","modified_gmt":"2018-11-28T17:12:53","slug":"dia-d-contra-o-mosquito-da-dengue-em-mantena-nesta-sexta","status":"publish","type":"post","link":"http:\/\/www.portalmantena.com.br\/novo\/?p=40745","title":{"rendered":"Dia D contra a Dengue em Mantena nesta sexta-feira"},"content":{"rendered":"<p><a href=\"http:\/\/www.portalmantena.com.br\/novo\/wp-content\/uploads\/2018\/11\/no281118dengue.jpg\"><img loading=\"lazy\" class=\"alignnone size-full wp-image-40746\" src=\"http:\/\/www.portalmantena.com.br\/novo\/wp-content\/uploads\/2018\/11\/no281118dengue.jpg\" alt=\"\" width=\"700\" height=\"450\" srcset=\"http:\/\/www.portalmantena.com.br\/novo\/wp-content\/uploads\/2018\/11\/no281118dengue.jpg 700w, http:\/\/www.portalmantena.com.br\/novo\/wp-content\/uploads\/2018\/11\/no281118dengue-300x193.jpg 300w, http:\/\/www.portalmantena.com.br\/novo\/wp-content\/uploads\/2018\/11\/no281118dengue-696x447.jpg 696w, http:\/\/www.portalmantena.com.br\/novo\/wp-content\/uploads\/2018\/11\/no281118dengue-653x420.jpg 653w\" sizes=\"(max-width: 700px) 100vw, 700px\" \/><\/a><\/p>\n<p><span style=\"font-size: 14pt;\">A preocupa\u00e7\u00e3o e os cuidados que se deve ter nesta \u00e9poca do ano, onde a incid\u00eancia de chuvas \u00e9 maior, e consequentemente o surgimento de mosquitos tamb\u00e9m aumenta, levou a secretaria municipal de sa\u00fade de Mantena a pedir a participa\u00e7\u00e3o dos mantenenses em um evento muito importante que ir\u00e1 acontecer na manh\u00e3 desta sexta-feira dia 30 de novembro, no centro da cidade. <\/span><\/p>\n<p><span style=\"font-size: 14pt;\">\u201cDe olho na Dengue\u201d, \u00e9 o tema do evento que marca como dia D contra o mosquito Aedes Aegypti, transmissor da doen\u00e7a. <\/span><\/p>\n<p><span style=\"font-size: 14pt;\">Neste dia haver\u00e1 uma concentra\u00e7\u00e3o a partir das 7h30\u2019 na pra\u00e7a da B\u00edblia, centro da cidade, de onde sair\u00e1 uma caminhada \u00e0s 8 horas at\u00e9 o pr\u00e9dio da Prefeitura Municipal onde ser\u00e3o realizadas breves palestras e apresenta\u00e7\u00f5es teatrais. <\/span><\/p>\n<p><span style=\"font-size: 14pt;\">A mobiliza\u00e7\u00e3o \u00e9 realmente importante pois j\u00e1 temos percebido o surgimento de muitos mosquitos (pernilongos), na cidade nos \u00faltimos dias, no entanto \u00e9 bom ressaltar que os \u00faltimos \u00edndices de infesta\u00e7\u00e3o do mosquito transmissor da Dengue, divulgados pela FUNASA em Mantena, est\u00e3o dentro do que \u00e9 estipulado como toler\u00e1vel pela Organiza\u00e7\u00e3o Mundial de Sa\u00fade. No entanto, \u00e9 bom sempre prevenir e evitar que o pior aconte\u00e7a.\u00a0<\/span><\/p>\n<p><a href=\"http:\/\/www.portalmantena.com.br\/novo\/\"><img loading=\"lazy\" class=\"alignnone size-full wp-image-37331\" src=\"http:\/\/www.portalmantena.com.br\/novo\/wp-content\/uploads\/2018\/05\/faixaportalnoticias5.jpg\" alt=\"\" width=\"700\" height=\"40\" srcset=\"http:\/\/www.portalmantena.com.br\/novo\/wp-content\/uploads\/2018\/05\/faixaportalnoticias5.jpg 700w, http:\/\/www.portalmantena.com.br\/novo\/wp-content\/uploads\/2018\/05\/faixaportalnoticias5-300x17.jpg 300w, http:\/\/www.portalmantena.com.br\/novo\/wp-content\/uploads\/2018\/05\/faixaportalnoticias5-696x40.jpg 696w\" sizes=\"(max-width: 700px) 100vw, 700px\" \/><\/a><\/p>\n<p><span style=\"font-size: 10pt;\">ESPA\u00c7O EMPRESARIAL<\/span><a href=\"https:\/\/www.facebook.com\/lojaeletrocellcelulares\/\"><img loading=\"lazy\" class=\"alignnone size-full wp-image-37660\" src=\"http:\/\/www.portalmantena.com.br\/novo\/wp-content\/uploads\/2018\/05\/eletrocel1.jpg\" alt=\"\" width=\"700\" height=\"150\" srcset=\"http:\/\/www.portalmantena.com.br\/novo\/wp-content\/uploads\/2018\/05\/eletrocel1.jpg 700w, http:\/\/www.portalmantena.com.br\/novo\/wp-content\/uploads\/2018\/05\/eletrocel1-300x64.jpg 300w, http:\/\/www.portalmantena.com.br\/novo\/wp-content\/uploads\/2018\/05\/eletrocel1-696x150.jpg 696w\" sizes=\"(max-width: 700px) 100vw, 700px\" \/><\/a><\/p>\n","protected":false},"excerpt":{"rendered":"<p>A preocupa\u00e7\u00e3o e os cuidados que se deve ter nesta \u00e9poca do ano, onde a incid\u00eancia de chuvas \u00e9 maior, e consequentemente o surgimento de mosquitos tamb\u00e9m aumenta, levou a secretaria municipal de sa\u00fade de Mantena a pedir a participa\u00e7\u00e3o dos mantenenses em um evento muito importante que ir\u00e1 acontecer na manh\u00e3 desta sexta-feira dia [&hellip;]<\/p>\n","protected":false},"author":1,"featured_media":40746,"comment_status":"open","ping_status":"open","sticky":false,"template":"","format":"standard","meta":[],"categories":[36,12],"tags":[],"_links":{"self":[{"href":"http:\/\/www.portalmantena.com.br\/novo\/index.php?rest_route=\/wp\/v2\/posts\/40745"}],"collection":[{"href":"http:\/\/www.portalmantena.com.br\/novo\/index.php?rest_route=\/wp\/v2\/posts"}],"about":[{"href":"http:\/\/www.portalmantena.com.br\/novo\/index.php?rest_route=\/wp\/v2\/types\/post"}],"author":[{"embeddable":true,"href":"http:\/\/www.portalmantena.com.br\/novo\/index.php?rest_route=\/wp\/v2\/users\/1"}],"replies":[{"embeddable":true,"href":"http:\/\/www.portalmantena.com.br\/novo\/index.php?rest_route=%2Fwp%2Fv2%2Fcomments&post=40745"}],"version-history":[{"count":2,"href":"http:\/\/www.portalmantena.com.br\/novo\/index.php?rest_route=\/wp\/v2\/posts\/40745\/revisions"}],"predecessor-version":[{"id":40748,"href":"http:\/\/www.portalmantena.com.br\/novo\/index.php?rest_route=\/wp\/v2\/posts\/40745\/revisions\/40748"}],"wp:featuredmedia":[{"embeddable":true,"href":"http:\/\/www.portalmantena.com.br\/novo\/index.php?rest_route=\/wp\/v2\/media\/40746"}],"wp:attachment":[{"href":"http:\/\/www.portalmantena.com.br\/novo\/index.php?rest_route=%2Fwp%2Fv2%2Fmedia&parent=40745"}],"wp:term":[{"taxonomy":"category","embeddable":true,"href":"http:\/\/www.portalmantena.com.br\/novo\/index.php?rest_route=%2Fwp%2Fv2%2Fcategories&post=40745"},{"taxonomy":"post_tag","embeddable":true,"href":"http:\/\/www.portalmantena.com.br\/novo\/index.php?rest_route=%2Fwp%2Fv2%2Ftags&post=40745"}],"curies":[{"name":"wp","href":"https:\/\/api.w.org\/{rel}","templated":true}]}}