{"id":40690,"date":"2018-11-27T06:23:29","date_gmt":"2018-11-27T08:23:29","guid":{"rendered":"http:\/\/www.portalmantena.com.br\/novo\/?p=40690"},"modified":"2018-11-27T09:26:56","modified_gmt":"2018-11-27T11:26:56","slug":"artista-e-mantenense-ausente-walace-soprando-velinhas","status":"publish","type":"post","link":"http:\/\/www.portalmantena.com.br\/novo\/?p=40690","title":{"rendered":"Artista e mantenense ausente Walace soprando velinhas"},"content":{"rendered":"<p><a href=\"http:\/\/www.portalmantena.com.br\/novo\/wp-content\/uploads\/2018\/11\/vi271118walace1.jpg\"><img loading=\"lazy\" class=\"alignnone size-full wp-image-40691\" src=\"http:\/\/www.portalmantena.com.br\/novo\/wp-content\/uploads\/2018\/11\/vi271118walace1.jpg\" alt=\"\" width=\"700\" height=\"450\" srcset=\"http:\/\/www.portalmantena.com.br\/novo\/wp-content\/uploads\/2018\/11\/vi271118walace1.jpg 700w, http:\/\/www.portalmantena.com.br\/novo\/wp-content\/uploads\/2018\/11\/vi271118walace1-300x193.jpg 300w, http:\/\/www.portalmantena.com.br\/novo\/wp-content\/uploads\/2018\/11\/vi271118walace1-696x447.jpg 696w, http:\/\/www.portalmantena.com.br\/novo\/wp-content\/uploads\/2018\/11\/vi271118walace1-653x420.jpg 653w\" sizes=\"(max-width: 700px) 100vw, 700px\" \/><\/a><\/p>\n<p><span style=\"font-size: 14pt;\">O nosso amigo, o mantenense ausente Walace Vieira, um talentoso artista pl\u00e1stico \u00e9 o aniversariante desta ter\u00e7a-feira dia 27 de Novembro. <\/span><\/p>\n<p><span style=\"font-size: 14pt;\">Ele que j\u00e1 h\u00e1 v\u00e1rios anos mora fora da terrinha e fora do pa\u00eds, com certeza recebe mais este presente de Deus, comemorar mais um anivers\u00e1rio. <\/span><\/p>\n<p><span style=\"font-size: 14pt;\">Desejamos a ele muitas e muitas felicidades, sa\u00fade, paz e sucesso em seu caminho, que os sonhos se tornem realidade. Parab\u00e9ns amigo. Na foto ao lado da esposa Tati.\u00a0<\/span><\/p>\n<p><a href=\"http:\/\/www.portalmantena.com.br\/novo\/wp-content\/uploads\/2018\/11\/vi271118walace2.jpg\"><img loading=\"lazy\" class=\"alignnone size-full wp-image-40692\" src=\"http:\/\/www.portalmantena.com.br\/novo\/wp-content\/uploads\/2018\/11\/vi271118walace2.jpg\" alt=\"\" width=\"700\" height=\"450\" srcset=\"http:\/\/www.portalmantena.com.br\/novo\/wp-content\/uploads\/2018\/11\/vi271118walace2.jpg 700w, http:\/\/www.portalmantena.com.br\/novo\/wp-content\/uploads\/2018\/11\/vi271118walace2-300x193.jpg 300w, http:\/\/www.portalmantena.com.br\/novo\/wp-content\/uploads\/2018\/11\/vi271118walace2-696x447.jpg 696w, http:\/\/www.portalmantena.com.br\/novo\/wp-content\/uploads\/2018\/11\/vi271118walace2-653x420.jpg 653w\" sizes=\"(max-width: 700px) 100vw, 700px\" \/><\/a><\/p>\n<p><a href=\"http:\/\/www.portalmantena.com.br\/novo\/\"><img loading=\"lazy\" class=\"alignnone size-full wp-image-37296\" src=\"http:\/\/www.portalmantena.com.br\/novo\/wp-content\/uploads\/2018\/05\/faixavitrine2.jpg\" alt=\"\" width=\"700\" height=\"40\" srcset=\"http:\/\/www.portalmantena.com.br\/novo\/wp-content\/uploads\/2018\/05\/faixavitrine2.jpg 700w, http:\/\/www.portalmantena.com.br\/novo\/wp-content\/uploads\/2018\/05\/faixavitrine2-300x17.jpg 300w, http:\/\/www.portalmantena.com.br\/novo\/wp-content\/uploads\/2018\/05\/faixavitrine2-696x40.jpg 696w\" sizes=\"(max-width: 700px) 100vw, 700px\" \/><\/a><\/p>\n<p><span style=\"font-size: 10pt;\">ESPA\u00c7O EMPRESARIAL<\/span><a href=\"https:\/\/www.facebook.com\/profile.php?id=100004934627949&amp;fref=ts\"><img loading=\"lazy\" class=\"alignnone size-full wp-image-36918\" src=\"http:\/\/www.portalmantena.com.br\/novo\/wp-content\/uploads\/2018\/05\/printcolor120918banner.jpg\" alt=\"\" width=\"700\" height=\"150\" srcset=\"http:\/\/www.portalmantena.com.br\/novo\/wp-content\/uploads\/2018\/05\/printcolor120918banner.jpg 700w, http:\/\/www.portalmantena.com.br\/novo\/wp-content\/uploads\/2018\/05\/printcolor120918banner-300x64.jpg 300w, http:\/\/www.portalmantena.com.br\/novo\/wp-content\/uploads\/2018\/05\/printcolor120918banner-696x150.jpg 696w\" sizes=\"(max-width: 700px) 100vw, 700px\" \/><\/a><\/p>\n","protected":false},"excerpt":{"rendered":"<p>O nosso amigo, o mantenense ausente Walace Vieira, um talentoso artista pl\u00e1stico \u00e9 o aniversariante desta ter\u00e7a-feira dia 27 de Novembro. Ele que j\u00e1 h\u00e1 v\u00e1rios anos mora fora da terrinha e fora do pa\u00eds, com certeza recebe mais este presente de Deus, comemorar mais um anivers\u00e1rio. Desejamos a ele muitas e muitas felicidades, sa\u00fade, [&hellip;]<\/p>\n","protected":false},"author":1,"featured_media":40691,"comment_status":"open","ping_status":"open","sticky":false,"template":"","format":"standard","meta":[],"categories":[77,7],"tags":[],"_links":{"self":[{"href":"http:\/\/www.portalmantena.com.br\/novo\/index.php?rest_route=\/wp\/v2\/posts\/40690"}],"collection":[{"href":"http:\/\/www.portalmantena.com.br\/novo\/index.php?rest_route=\/wp\/v2\/posts"}],"about":[{"href":"http:\/\/www.portalmantena.com.br\/novo\/index.php?rest_route=\/wp\/v2\/types\/post"}],"author":[{"embeddable":true,"href":"http:\/\/www.portalmantena.com.br\/novo\/index.php?rest_route=\/wp\/v2\/users\/1"}],"replies":[{"embeddable":true,"href":"http:\/\/www.portalmantena.com.br\/novo\/index.php?rest_route=%2Fwp%2Fv2%2Fcomments&post=40690"}],"version-history":[{"count":1,"href":"http:\/\/www.portalmantena.com.br\/novo\/index.php?rest_route=\/wp\/v2\/posts\/40690\/revisions"}],"predecessor-version":[{"id":40693,"href":"http:\/\/www.portalmantena.com.br\/novo\/index.php?rest_route=\/wp\/v2\/posts\/40690\/revisions\/40693"}],"wp:featuredmedia":[{"embeddable":true,"href":"http:\/\/www.portalmantena.com.br\/novo\/index.php?rest_route=\/wp\/v2\/media\/40691"}],"wp:attachment":[{"href":"http:\/\/www.portalmantena.com.br\/novo\/index.php?rest_route=%2Fwp%2Fv2%2Fmedia&parent=40690"}],"wp:term":[{"taxonomy":"category","embeddable":true,"href":"http:\/\/www.portalmantena.com.br\/novo\/index.php?rest_route=%2Fwp%2Fv2%2Fcategories&post=40690"},{"taxonomy":"post_tag","embeddable":true,"href":"http:\/\/www.portalmantena.com.br\/novo\/index.php?rest_route=%2Fwp%2Fv2%2Ftags&post=40690"}],"curies":[{"name":"wp","href":"https:\/\/api.w.org\/{rel}","templated":true}]}}