{"id":40687,"date":"2018-11-27T09:19:55","date_gmt":"2018-11-27T11:19:55","guid":{"rendered":"http:\/\/www.portalmantena.com.br\/novo\/?p=40687"},"modified":"2018-11-27T09:19:55","modified_gmt":"2018-11-27T11:19:55","slug":"dra-alina-vieira-e-eleita-nova-presidente-da-oab-mantena","status":"publish","type":"post","link":"http:\/\/www.portalmantena.com.br\/novo\/?p=40687","title":{"rendered":"Dra. Alina Vieira \u00e9 eleita nova presidente da OAB Mantena"},"content":{"rendered":"<p><a href=\"http:\/\/www.portalmantena.com.br\/novo\/wp-content\/uploads\/2018\/11\/vi271118alina.jpg\"><img loading=\"lazy\" class=\"alignnone size-full wp-image-40688\" src=\"http:\/\/www.portalmantena.com.br\/novo\/wp-content\/uploads\/2018\/11\/vi271118alina.jpg\" alt=\"\" width=\"700\" height=\"450\" srcset=\"http:\/\/www.portalmantena.com.br\/novo\/wp-content\/uploads\/2018\/11\/vi271118alina.jpg 700w, http:\/\/www.portalmantena.com.br\/novo\/wp-content\/uploads\/2018\/11\/vi271118alina-300x193.jpg 300w, http:\/\/www.portalmantena.com.br\/novo\/wp-content\/uploads\/2018\/11\/vi271118alina-696x447.jpg 696w, http:\/\/www.portalmantena.com.br\/novo\/wp-content\/uploads\/2018\/11\/vi271118alina-653x420.jpg 653w\" sizes=\"(max-width: 700px) 100vw, 700px\" \/><\/a><\/p>\n<p><span style=\"font-size: 14pt;\">A advogada mantenense Dra. Alina Vieira, juntamente com sua chapa, foram eleitos para a nova diretoria da OAB Subse\u00e7\u00e3o Mantena. <\/span><\/p>\n<p><span style=\"font-size: 14pt;\">A elei\u00e7\u00e3o aconteceu na \u00faltima semana e trouxe para os votantes vencedores a expectativa de uma renova\u00e7\u00e3o, e desta forma gostar\u00edamos de parabenizar a advogada Alina pela vit\u00f3ria, bem como seu colaboradores nesta nossa etapa de levar a institui\u00e7\u00e3o a novos momentos.<\/span><\/p>\n<p><a href=\"http:\/\/www.portalmantena.com.br\/novo\/\"><img loading=\"lazy\" class=\"alignnone size-full wp-image-37296\" src=\"http:\/\/www.portalmantena.com.br\/novo\/wp-content\/uploads\/2018\/05\/faixavitrine2.jpg\" alt=\"\" width=\"700\" height=\"40\" srcset=\"http:\/\/www.portalmantena.com.br\/novo\/wp-content\/uploads\/2018\/05\/faixavitrine2.jpg 700w, http:\/\/www.portalmantena.com.br\/novo\/wp-content\/uploads\/2018\/05\/faixavitrine2-300x17.jpg 300w, http:\/\/www.portalmantena.com.br\/novo\/wp-content\/uploads\/2018\/05\/faixavitrine2-696x40.jpg 696w\" sizes=\"(max-width: 700px) 100vw, 700px\" \/><\/a><\/p>\n<p><span style=\"font-size: 10pt;\">ESPA\u00c7O EMPRESARIAL<\/span><a href=\"http:\/\/www.portalmantena.com.br\/novo\/?p=39696\"><img src=\"http:\/\/www.portalmantena.com.br\/novo\/wp-content\/uploads\/2018\/11\/uni051118p.jpg\" \/><\/a><\/p>\n","protected":false},"excerpt":{"rendered":"<p>A advogada mantenense Dra. Alina Vieira, juntamente com sua chapa, foram eleitos para a nova diretoria da OAB Subse\u00e7\u00e3o Mantena. A elei\u00e7\u00e3o aconteceu na \u00faltima semana e trouxe para os votantes vencedores a expectativa de uma renova\u00e7\u00e3o, e desta forma gostar\u00edamos de parabenizar a advogada Alina pela vit\u00f3ria, bem como seu colaboradores nesta nossa etapa [&hellip;]<\/p>\n","protected":false},"author":1,"featured_media":40688,"comment_status":"open","ping_status":"open","sticky":false,"template":"","format":"standard","meta":[],"categories":[7],"tags":[],"_links":{"self":[{"href":"http:\/\/www.portalmantena.com.br\/novo\/index.php?rest_route=\/wp\/v2\/posts\/40687"}],"collection":[{"href":"http:\/\/www.portalmantena.com.br\/novo\/index.php?rest_route=\/wp\/v2\/posts"}],"about":[{"href":"http:\/\/www.portalmantena.com.br\/novo\/index.php?rest_route=\/wp\/v2\/types\/post"}],"author":[{"embeddable":true,"href":"http:\/\/www.portalmantena.com.br\/novo\/index.php?rest_route=\/wp\/v2\/users\/1"}],"replies":[{"embeddable":true,"href":"http:\/\/www.portalmantena.com.br\/novo\/index.php?rest_route=%2Fwp%2Fv2%2Fcomments&post=40687"}],"version-history":[{"count":1,"href":"http:\/\/www.portalmantena.com.br\/novo\/index.php?rest_route=\/wp\/v2\/posts\/40687\/revisions"}],"predecessor-version":[{"id":40689,"href":"http:\/\/www.portalmantena.com.br\/novo\/index.php?rest_route=\/wp\/v2\/posts\/40687\/revisions\/40689"}],"wp:featuredmedia":[{"embeddable":true,"href":"http:\/\/www.portalmantena.com.br\/novo\/index.php?rest_route=\/wp\/v2\/media\/40688"}],"wp:attachment":[{"href":"http:\/\/www.portalmantena.com.br\/novo\/index.php?rest_route=%2Fwp%2Fv2%2Fmedia&parent=40687"}],"wp:term":[{"taxonomy":"category","embeddable":true,"href":"http:\/\/www.portalmantena.com.br\/novo\/index.php?rest_route=%2Fwp%2Fv2%2Fcategories&post=40687"},{"taxonomy":"post_tag","embeddable":true,"href":"http:\/\/www.portalmantena.com.br\/novo\/index.php?rest_route=%2Fwp%2Fv2%2Ftags&post=40687"}],"curies":[{"name":"wp","href":"https:\/\/api.w.org\/{rel}","templated":true}]}}