{"id":40570,"date":"2018-11-26T07:49:25","date_gmt":"2018-11-26T09:49:25","guid":{"rendered":"http:\/\/www.portalmantena.com.br\/novo\/?p=40570"},"modified":"2018-11-26T08:02:16","modified_gmt":"2018-11-26T10:02:16","slug":"pm-descobre-desmatamento-e-fabricacao-de-carvao-irregular","status":"publish","type":"post","link":"http:\/\/www.portalmantena.com.br\/novo\/?p=40570","title":{"rendered":"PM descobre desmatamento e fabrica\u00e7\u00e3o de carv\u00e3o irregular"},"content":{"rendered":"<p><a href=\"http:\/\/www.portalmantena.com.br\/novo\/wp-content\/uploads\/2018\/11\/no261118arma1.jpg\"><img loading=\"lazy\" class=\"alignnone size-full wp-image-40571\" src=\"http:\/\/www.portalmantena.com.br\/novo\/wp-content\/uploads\/2018\/11\/no261118arma1.jpg\" alt=\"\" width=\"700\" height=\"450\" srcset=\"http:\/\/www.portalmantena.com.br\/novo\/wp-content\/uploads\/2018\/11\/no261118arma1.jpg 700w, http:\/\/www.portalmantena.com.br\/novo\/wp-content\/uploads\/2018\/11\/no261118arma1-300x193.jpg 300w, http:\/\/www.portalmantena.com.br\/novo\/wp-content\/uploads\/2018\/11\/no261118arma1-696x447.jpg 696w, http:\/\/www.portalmantena.com.br\/novo\/wp-content\/uploads\/2018\/11\/no261118arma1-653x420.jpg 653w\" sizes=\"(max-width: 700px) 100vw, 700px\" \/><\/a><\/p>\n<p><span style=\"font-size: 14pt;\">Na sexta-feira (23), militares da 3\u00aa Companhia do Batalh\u00e3o de Pol\u00edcia Militar Ambiental (BPMA), em atendimento ao Disque-Den\u00fancia, apreenderam armas, muni\u00e7\u00f5es e carv\u00e3o vegetal irregular, na cidade capixaba de S\u00e3o Mateus. <\/span><\/p>\n<p><span style=\"font-size: 14pt;\">Segundo a den\u00fancia, uma pessoa estava desmatando e utilizando a madeira para fabrica\u00e7\u00e3o de carv\u00e3o vegetal. Al\u00e9m disso, possu\u00eda arma de fogo e praticava ca\u00e7a. No local, a equipe constatou a exist\u00eancia de fornos de carv\u00e3o utilizando madeira sem comprova\u00e7\u00e3o de origem. <\/span><\/p>\n<p><span style=\"font-size: 14pt;\">Foram apreendidos 10,5 m\u00b3 de carv\u00e3o vegetal, uma espingarda calibre 20, um rifle calibre 22, uma espingarda de press\u00e3o calibre 4,5, 16 muni\u00e7\u00f5es calibre 36, cinco muni\u00e7\u00f5es calibre 20, dez muni\u00e7\u00f5es calibre 32 e nove muni\u00e7\u00f5es calibre 22. O respons\u00e1vel pelo local foi conduzido ao plant\u00e3o policial local. <\/span><\/p>\n<p><span style=\"font-size: 14pt;\">O comandante da 3\u00aa Companhia do BPMA, capit\u00e3o Fabr\u00edcio Pereira Rocha, destacou que \u201ctodo o efetivo da subunidade especializada se empenha diuturnamente no atendimento das demandas ambientais sem, contudo abrir m\u00e3o de contribuir com a seguran\u00e7a p\u00fablica como um todo, retirando de circula\u00e7\u00e3o armas de fogo utilizadas para ca\u00e7a e que contribuem com a viol\u00eancia\u201d. (Fonte\/foto:PM).<\/span><\/p>\n<p><a href=\"http:\/\/www.portalmantena.com.br\/novo\/wp-content\/uploads\/2018\/11\/no261118arma2.jpg\"><img loading=\"lazy\" class=\"alignnone size-full wp-image-40572\" src=\"http:\/\/www.portalmantena.com.br\/novo\/wp-content\/uploads\/2018\/11\/no261118arma2.jpg\" alt=\"\" width=\"700\" height=\"450\" srcset=\"http:\/\/www.portalmantena.com.br\/novo\/wp-content\/uploads\/2018\/11\/no261118arma2.jpg 700w, http:\/\/www.portalmantena.com.br\/novo\/wp-content\/uploads\/2018\/11\/no261118arma2-300x193.jpg 300w, http:\/\/www.portalmantena.com.br\/novo\/wp-content\/uploads\/2018\/11\/no261118arma2-696x447.jpg 696w, http:\/\/www.portalmantena.com.br\/novo\/wp-content\/uploads\/2018\/11\/no261118arma2-653x420.jpg 653w\" sizes=\"(max-width: 700px) 100vw, 700px\" \/><\/a><\/p>\n<p><a href=\"http:\/\/www.portalmantena.com.br\/novo\/\"><img loading=\"lazy\" class=\"alignnone size-full wp-image-37331\" src=\"http:\/\/www.portalmantena.com.br\/novo\/wp-content\/uploads\/2018\/05\/faixaportalnoticias5.jpg\" alt=\"\" width=\"700\" height=\"40\" srcset=\"http:\/\/www.portalmantena.com.br\/novo\/wp-content\/uploads\/2018\/05\/faixaportalnoticias5.jpg 700w, http:\/\/www.portalmantena.com.br\/novo\/wp-content\/uploads\/2018\/05\/faixaportalnoticias5-300x17.jpg 300w, http:\/\/www.portalmantena.com.br\/novo\/wp-content\/uploads\/2018\/05\/faixaportalnoticias5-696x40.jpg 696w\" sizes=\"(max-width: 700px) 100vw, 700px\" \/><\/a><\/p>\n<p><span style=\"font-size: 10pt;\">ESPA\u00c7O EMPRESARIAL<\/span><a href=\"https:\/\/www.facebook.com\/redevalente\/\"><img loading=\"lazy\" class=\"alignnone size-full wp-image-29188\" src=\"http:\/\/www.portalmantena.com.br\/novo\/wp-content\/uploads\/2018\/05\/valentefaixa.jpg\" alt=\"\" width=\"700\" height=\"150\" srcset=\"http:\/\/www.portalmantena.com.br\/novo\/wp-content\/uploads\/2018\/05\/valentefaixa.jpg 700w, http:\/\/www.portalmantena.com.br\/novo\/wp-content\/uploads\/2018\/05\/valentefaixa-300x64.jpg 300w, http:\/\/www.portalmantena.com.br\/novo\/wp-content\/uploads\/2018\/05\/valentefaixa-696x150.jpg 696w\" sizes=\"(max-width: 700px) 100vw, 700px\" \/><\/a><\/p>\n","protected":false},"excerpt":{"rendered":"<p>Na sexta-feira (23), militares da 3\u00aa Companhia do Batalh\u00e3o de Pol\u00edcia Militar Ambiental (BPMA), em atendimento ao Disque-Den\u00fancia, apreenderam armas, muni\u00e7\u00f5es e carv\u00e3o vegetal irregular, na cidade capixaba de S\u00e3o Mateus. Segundo a den\u00fancia, uma pessoa estava desmatando e utilizando a madeira para fabrica\u00e7\u00e3o de carv\u00e3o vegetal. Al\u00e9m disso, possu\u00eda arma de fogo e praticava [&hellip;]<\/p>\n","protected":false},"author":1,"featured_media":40572,"comment_status":"open","ping_status":"open","sticky":false,"template":"","format":"standard","meta":[],"categories":[12,39],"tags":[],"_links":{"self":[{"href":"http:\/\/www.portalmantena.com.br\/novo\/index.php?rest_route=\/wp\/v2\/posts\/40570"}],"collection":[{"href":"http:\/\/www.portalmantena.com.br\/novo\/index.php?rest_route=\/wp\/v2\/posts"}],"about":[{"href":"http:\/\/www.portalmantena.com.br\/novo\/index.php?rest_route=\/wp\/v2\/types\/post"}],"author":[{"embeddable":true,"href":"http:\/\/www.portalmantena.com.br\/novo\/index.php?rest_route=\/wp\/v2\/users\/1"}],"replies":[{"embeddable":true,"href":"http:\/\/www.portalmantena.com.br\/novo\/index.php?rest_route=%2Fwp%2Fv2%2Fcomments&post=40570"}],"version-history":[{"count":1,"href":"http:\/\/www.portalmantena.com.br\/novo\/index.php?rest_route=\/wp\/v2\/posts\/40570\/revisions"}],"predecessor-version":[{"id":40573,"href":"http:\/\/www.portalmantena.com.br\/novo\/index.php?rest_route=\/wp\/v2\/posts\/40570\/revisions\/40573"}],"wp:featuredmedia":[{"embeddable":true,"href":"http:\/\/www.portalmantena.com.br\/novo\/index.php?rest_route=\/wp\/v2\/media\/40572"}],"wp:attachment":[{"href":"http:\/\/www.portalmantena.com.br\/novo\/index.php?rest_route=%2Fwp%2Fv2%2Fmedia&parent=40570"}],"wp:term":[{"taxonomy":"category","embeddable":true,"href":"http:\/\/www.portalmantena.com.br\/novo\/index.php?rest_route=%2Fwp%2Fv2%2Fcategories&post=40570"},{"taxonomy":"post_tag","embeddable":true,"href":"http:\/\/www.portalmantena.com.br\/novo\/index.php?rest_route=%2Fwp%2Fv2%2Ftags&post=40570"}],"curies":[{"name":"wp","href":"https:\/\/api.w.org\/{rel}","templated":true}]}}