{"id":40563,"date":"2018-11-23T17:13:19","date_gmt":"2018-11-23T19:13:19","guid":{"rendered":"http:\/\/www.portalmantena.com.br\/novo\/?p=40563"},"modified":"2018-11-23T13:14:52","modified_gmt":"2018-11-23T15:14:52","slug":"casal-mantenense-completando-33-anos-de-uniao-2","status":"publish","type":"post","link":"http:\/\/www.portalmantena.com.br\/novo\/?p=40563","title":{"rendered":"Casal mantenense completando 33 anos de uni\u00e3o"},"content":{"rendered":"<p><a href=\"http:\/\/www.portalmantena.com.br\/novo\/wp-content\/uploads\/2018\/11\/vi231118luiz.jpg\"><img loading=\"lazy\" class=\"alignnone size-full wp-image-40564\" src=\"http:\/\/www.portalmantena.com.br\/novo\/wp-content\/uploads\/2018\/11\/vi231118luiz.jpg\" alt=\"\" width=\"700\" height=\"450\" srcset=\"http:\/\/www.portalmantena.com.br\/novo\/wp-content\/uploads\/2018\/11\/vi231118luiz.jpg 700w, http:\/\/www.portalmantena.com.br\/novo\/wp-content\/uploads\/2018\/11\/vi231118luiz-300x193.jpg 300w, http:\/\/www.portalmantena.com.br\/novo\/wp-content\/uploads\/2018\/11\/vi231118luiz-696x447.jpg 696w, http:\/\/www.portalmantena.com.br\/novo\/wp-content\/uploads\/2018\/11\/vi231118luiz-653x420.jpg 653w\" sizes=\"(max-width: 700px) 100vw, 700px\" \/><\/a><\/p>\n<p><span style=\"font-size: 14pt;\">O casal mantenense, Sr.Luiz Garcia (vice prefeito de Mantena) e sua esposa Maria Alves Correia Garcia, completando nesta sexta-feira dia 23 de Novembro, mais um ano de uni\u00e3o. <\/span><\/p>\n<p><span style=\"font-size: 14pt;\">Um casamento que completa 33 anos (Bodas de Crizo), e que com certeza \u00e9 momento de gratid\u00e3o a Deus, uma uni\u00e3o aben\u00e7oada por ele. Desejamos ao casal muitas e muitas felicidades, e que a prote\u00e7\u00e3o do nosso Deus continue sobre o casal bem como sobre toda fam\u00edlia, parab\u00e9ns.<\/span><\/p>\n<p><a href=\"http:\/\/www.portalmantena.com.br\/novo\/\"><img loading=\"lazy\" class=\"alignnone size-full wp-image-37296\" src=\"http:\/\/www.portalmantena.com.br\/novo\/wp-content\/uploads\/2018\/05\/faixavitrine2.jpg\" alt=\"\" width=\"700\" height=\"40\" srcset=\"http:\/\/www.portalmantena.com.br\/novo\/wp-content\/uploads\/2018\/05\/faixavitrine2.jpg 700w, http:\/\/www.portalmantena.com.br\/novo\/wp-content\/uploads\/2018\/05\/faixavitrine2-300x17.jpg 300w, http:\/\/www.portalmantena.com.br\/novo\/wp-content\/uploads\/2018\/05\/faixavitrine2-696x40.jpg 696w\" sizes=\"(max-width: 700px) 100vw, 700px\" \/><\/a><\/p>\n<p><span style=\"font-size: 10pt;\">ESPA\u00c7O EMPRESARIAL<\/span><a href=\"https:\/\/www.facebook.com\/Tekol-Basic-1148561818529027\/\"><img src=\"http:\/\/www.portalmantena.com.br\/novo\/wp-content\/uploads\/2018\/08\/tekol210818b-1.jpg\" \/><\/a><\/p>\n","protected":false},"excerpt":{"rendered":"<p>O casal mantenense, Sr.Luiz Garcia (vice prefeito de Mantena) e sua esposa Maria Alves Correia Garcia, completando nesta sexta-feira dia 23 de Novembro, mais um ano de uni\u00e3o. Um casamento que completa 33 anos (Bodas de Crizo), e que com certeza \u00e9 momento de gratid\u00e3o a Deus, uma uni\u00e3o aben\u00e7oada por ele. Desejamos ao casal [&hellip;]<\/p>\n","protected":false},"author":1,"featured_media":40564,"comment_status":"open","ping_status":"open","sticky":false,"template":"","format":"standard","meta":[],"categories":[7],"tags":[],"_links":{"self":[{"href":"http:\/\/www.portalmantena.com.br\/novo\/index.php?rest_route=\/wp\/v2\/posts\/40563"}],"collection":[{"href":"http:\/\/www.portalmantena.com.br\/novo\/index.php?rest_route=\/wp\/v2\/posts"}],"about":[{"href":"http:\/\/www.portalmantena.com.br\/novo\/index.php?rest_route=\/wp\/v2\/types\/post"}],"author":[{"embeddable":true,"href":"http:\/\/www.portalmantena.com.br\/novo\/index.php?rest_route=\/wp\/v2\/users\/1"}],"replies":[{"embeddable":true,"href":"http:\/\/www.portalmantena.com.br\/novo\/index.php?rest_route=%2Fwp%2Fv2%2Fcomments&post=40563"}],"version-history":[{"count":2,"href":"http:\/\/www.portalmantena.com.br\/novo\/index.php?rest_route=\/wp\/v2\/posts\/40563\/revisions"}],"predecessor-version":[{"id":40566,"href":"http:\/\/www.portalmantena.com.br\/novo\/index.php?rest_route=\/wp\/v2\/posts\/40563\/revisions\/40566"}],"wp:featuredmedia":[{"embeddable":true,"href":"http:\/\/www.portalmantena.com.br\/novo\/index.php?rest_route=\/wp\/v2\/media\/40564"}],"wp:attachment":[{"href":"http:\/\/www.portalmantena.com.br\/novo\/index.php?rest_route=%2Fwp%2Fv2%2Fmedia&parent=40563"}],"wp:term":[{"taxonomy":"category","embeddable":true,"href":"http:\/\/www.portalmantena.com.br\/novo\/index.php?rest_route=%2Fwp%2Fv2%2Fcategories&post=40563"},{"taxonomy":"post_tag","embeddable":true,"href":"http:\/\/www.portalmantena.com.br\/novo\/index.php?rest_route=%2Fwp%2Fv2%2Ftags&post=40563"}],"curies":[{"name":"wp","href":"https:\/\/api.w.org\/{rel}","templated":true}]}}