{"id":40557,"date":"2018-11-23T11:12:08","date_gmt":"2018-11-23T13:12:08","guid":{"rendered":"http:\/\/www.portalmantena.com.br\/novo\/?p=40557"},"modified":"2018-11-23T11:12:08","modified_gmt":"2018-11-23T13:12:08","slug":"23nov-mantenenses-flagram-grande-mancha-de-oleo-no-rio","status":"publish","type":"post","link":"http:\/\/www.portalmantena.com.br\/novo\/?p=40557","title":{"rendered":"23NOV &#8211; Mantenenses flagram grande mancha de \u00f3leo no rio"},"content":{"rendered":"<p><strong><a href=\"http:\/\/www.portalmantena.com.br\/novo\/wp-content\/uploads\/2017\/06\/diabaner-1.jpg\"><img loading=\"lazy\" class=\"alignnone size-full wp-image-8000\" src=\"http:\/\/www.portalmantena.com.br\/novo\/wp-content\/uploads\/2017\/06\/diabaner-1.jpg\" alt=\"\" width=\"650\" height=\"100\" srcset=\"http:\/\/www.portalmantena.com.br\/novo\/wp-content\/uploads\/2017\/06\/diabaner-1.jpg 650w, http:\/\/www.portalmantena.com.br\/novo\/wp-content\/uploads\/2017\/06\/diabaner-1-300x46.jpg 300w\" sizes=\"(max-width: 650px) 100vw, 650px\" \/><\/a><\/strong><a href=\"http:\/\/www.portalmantena.com.br\/novo\/wp-content\/uploads\/2018\/11\/dia231118a.jpg\"><img loading=\"lazy\" class=\"alignnone size-full wp-image-40558\" src=\"http:\/\/www.portalmantena.com.br\/novo\/wp-content\/uploads\/2018\/11\/dia231118a.jpg\" alt=\"\" width=\"700\" height=\"450\" srcset=\"http:\/\/www.portalmantena.com.br\/novo\/wp-content\/uploads\/2018\/11\/dia231118a.jpg 700w, http:\/\/www.portalmantena.com.br\/novo\/wp-content\/uploads\/2018\/11\/dia231118a-300x193.jpg 300w, http:\/\/www.portalmantena.com.br\/novo\/wp-content\/uploads\/2018\/11\/dia231118a-696x447.jpg 696w, http:\/\/www.portalmantena.com.br\/novo\/wp-content\/uploads\/2018\/11\/dia231118a-653x420.jpg 653w\" sizes=\"(max-width: 700px) 100vw, 700px\" \/><\/a><\/p>\n<p><strong>23 de Novembro<\/strong>\u00a0&#8211;\u00a0Muitos mantenenses flagraram na manh\u00e3 desta sexta-feira, uma grande mancha de \u00f3leo sobre a \u00e1gua do c\u00f3rrego S\u00e3o Francisco, al\u00e9m de fotos, videos foram compartilhados nas redes sociais.<\/p>\n<p>Uma a\u00e7\u00e3o que vem degradando o meio ambiente em Mantena, e esta pr\u00e1tica tem acontecido com certa frenquencia, pois este j\u00e1 n\u00e3o \u00e9 o primeiro flagrante nos \u00faltimos anos, e quem mora \u00e0s margens do c\u00f3rrego narra que frequentemente sentem o cheio de combust\u00edvel vindo das margens do rio.<\/p>\n<p>Uma agress\u00e3o que aos poucos vai matando a vida aqu\u00e1tica bem como aumentando a mortandade de peixes que j\u00e1 n\u00e3o sobrevivem com tanta facilidade neste manancial.<\/p>\n<p><a href=\"http:\/\/www.portalmantena.com.br\/novo\/\"><img loading=\"lazy\" class=\"alignnone size-full wp-image-37331\" src=\"http:\/\/www.portalmantena.com.br\/novo\/wp-content\/uploads\/2018\/05\/faixaportalnoticias5.jpg\" alt=\"\" width=\"700\" height=\"40\" srcset=\"http:\/\/www.portalmantena.com.br\/novo\/wp-content\/uploads\/2018\/05\/faixaportalnoticias5.jpg 700w, http:\/\/www.portalmantena.com.br\/novo\/wp-content\/uploads\/2018\/05\/faixaportalnoticias5-300x17.jpg 300w, http:\/\/www.portalmantena.com.br\/novo\/wp-content\/uploads\/2018\/05\/faixaportalnoticias5-696x40.jpg 696w\" sizes=\"(max-width: 700px) 100vw, 700px\" \/><\/a><\/p>\n<p><span style=\"font-size: 10pt;\">ESPA\u00c7O EMPRESARIAL<\/span><a href=\"https:\/\/www.facebook.com\/Tekol-Basic-1148561818529027\/\"><img src=\"http:\/\/www.portalmantena.com.br\/novo\/wp-content\/uploads\/2018\/08\/tekol210818b-1.jpg\" \/><\/a><\/p>\n","protected":false},"excerpt":{"rendered":"<p>23 de Novembro\u00a0&#8211;\u00a0Muitos mantenenses flagraram na manh\u00e3 desta sexta-feira, uma grande mancha de \u00f3leo sobre a \u00e1gua do c\u00f3rrego S\u00e3o Francisco, al\u00e9m de fotos, videos foram compartilhados nas redes sociais. Uma a\u00e7\u00e3o que vem degradando o meio ambiente em Mantena, e esta pr\u00e1tica tem acontecido com certa frenquencia, pois este j\u00e1 n\u00e3o \u00e9 o primeiro [&hellip;]<\/p>\n","protected":false},"author":1,"featured_media":40558,"comment_status":"open","ping_status":"open","sticky":false,"template":"","format":"standard","meta":[],"categories":[50],"tags":[],"_links":{"self":[{"href":"http:\/\/www.portalmantena.com.br\/novo\/index.php?rest_route=\/wp\/v2\/posts\/40557"}],"collection":[{"href":"http:\/\/www.portalmantena.com.br\/novo\/index.php?rest_route=\/wp\/v2\/posts"}],"about":[{"href":"http:\/\/www.portalmantena.com.br\/novo\/index.php?rest_route=\/wp\/v2\/types\/post"}],"author":[{"embeddable":true,"href":"http:\/\/www.portalmantena.com.br\/novo\/index.php?rest_route=\/wp\/v2\/users\/1"}],"replies":[{"embeddable":true,"href":"http:\/\/www.portalmantena.com.br\/novo\/index.php?rest_route=%2Fwp%2Fv2%2Fcomments&post=40557"}],"version-history":[{"count":1,"href":"http:\/\/www.portalmantena.com.br\/novo\/index.php?rest_route=\/wp\/v2\/posts\/40557\/revisions"}],"predecessor-version":[{"id":40559,"href":"http:\/\/www.portalmantena.com.br\/novo\/index.php?rest_route=\/wp\/v2\/posts\/40557\/revisions\/40559"}],"wp:featuredmedia":[{"embeddable":true,"href":"http:\/\/www.portalmantena.com.br\/novo\/index.php?rest_route=\/wp\/v2\/media\/40558"}],"wp:attachment":[{"href":"http:\/\/www.portalmantena.com.br\/novo\/index.php?rest_route=%2Fwp%2Fv2%2Fmedia&parent=40557"}],"wp:term":[{"taxonomy":"category","embeddable":true,"href":"http:\/\/www.portalmantena.com.br\/novo\/index.php?rest_route=%2Fwp%2Fv2%2Fcategories&post=40557"},{"taxonomy":"post_tag","embeddable":true,"href":"http:\/\/www.portalmantena.com.br\/novo\/index.php?rest_route=%2Fwp%2Fv2%2Ftags&post=40557"}],"curies":[{"name":"wp","href":"https:\/\/api.w.org\/{rel}","templated":true}]}}