{"id":40554,"date":"2018-11-23T09:38:38","date_gmt":"2018-11-23T11:38:38","guid":{"rendered":"http:\/\/www.portalmantena.com.br\/novo\/?p=40554"},"modified":"2018-11-23T09:38:38","modified_gmt":"2018-11-23T11:38:38","slug":"equipe-da-sapataria-avenida-pronta-para-o-black-friday","status":"publish","type":"post","link":"http:\/\/www.portalmantena.com.br\/novo\/?p=40554","title":{"rendered":"Equipe da Sapataria Avenida pronta para o Black Friday"},"content":{"rendered":"<p><a href=\"http:\/\/www.portalmantena.com.br\/novo\/wp-content\/uploads\/2018\/11\/vi231118avenida.jpg\"><img loading=\"lazy\" class=\"alignnone size-full wp-image-40555\" src=\"http:\/\/www.portalmantena.com.br\/novo\/wp-content\/uploads\/2018\/11\/vi231118avenida.jpg\" alt=\"\" width=\"700\" height=\"450\" srcset=\"http:\/\/www.portalmantena.com.br\/novo\/wp-content\/uploads\/2018\/11\/vi231118avenida.jpg 700w, http:\/\/www.portalmantena.com.br\/novo\/wp-content\/uploads\/2018\/11\/vi231118avenida-300x193.jpg 300w, http:\/\/www.portalmantena.com.br\/novo\/wp-content\/uploads\/2018\/11\/vi231118avenida-696x447.jpg 696w, http:\/\/www.portalmantena.com.br\/novo\/wp-content\/uploads\/2018\/11\/vi231118avenida-653x420.jpg 653w\" sizes=\"(max-width: 700px) 100vw, 700px\" \/><\/a><\/p>\n<p><span style=\"font-size: 14pt;\">A maior vitrine e variedade de cal\u00e7ados em Mantena e regi\u00e3o, com certeza est\u00e1 na Sapataria Avenida em Mantena, e al\u00e9m dos produtos de qualidade e pre\u00e7o, a empresa possuiu uma equipe excelente de atendimento e administra\u00e7\u00e3o. <\/span><\/p>\n<p><span style=\"font-size: 14pt;\">Nesta sexta-feira de BLACK FRIDAY em Mantena, os amigos clientes estar\u00e3o mais uma vez bem servidos quando o assunto for produtos, pre\u00e7os e atendimento diferenciado. <\/span><\/p>\n<p><span style=\"font-size: 14pt;\">A equipe da Sapataria Avenida j\u00e1 est\u00e1 \u00e0 postos para atender com o maior carinho aos amigos, venha conferir as ofertas, os produtos e novidades que est\u00e3o em promo\u00e7\u00e3o, voc\u00ea com certeza far\u00e1 uma boa compra.<\/span><\/p>\n<p><a href=\"http:\/\/www.portalmantena.com.br\/novo\/\"><img loading=\"lazy\" class=\"alignnone size-full wp-image-37296\" src=\"http:\/\/www.portalmantena.com.br\/novo\/wp-content\/uploads\/2018\/05\/faixavitrine2.jpg\" alt=\"\" width=\"700\" height=\"40\" srcset=\"http:\/\/www.portalmantena.com.br\/novo\/wp-content\/uploads\/2018\/05\/faixavitrine2.jpg 700w, http:\/\/www.portalmantena.com.br\/novo\/wp-content\/uploads\/2018\/05\/faixavitrine2-300x17.jpg 300w, http:\/\/www.portalmantena.com.br\/novo\/wp-content\/uploads\/2018\/05\/faixavitrine2-696x40.jpg 696w\" sizes=\"(max-width: 700px) 100vw, 700px\" \/><\/a><\/p>\n<p><span style=\"font-size: 10pt;\">ESPA\u00c7O EMPRESARIAL<\/span><a href=\"https:\/\/www.facebook.com\/rf.oliveira.9?fb_dtsg_ag=AdwKEbD701SAGRAnk6E78RY0JikyBfz-gpQi9gILKYSxUg%3AAdzADEPHbaQFKiGvtHRVrGyd9Mg2UIuhHrTGTsZaOQaGyQ\"><img loading=\"lazy\" class=\"alignnone size-full wp-image-39476\" src=\"http:\/\/www.portalmantena.com.br\/novo\/wp-content\/uploads\/2018\/05\/avenida301018b1.jpg\" alt=\"\" width=\"700\" height=\"150\" srcset=\"http:\/\/www.portalmantena.com.br\/novo\/wp-content\/uploads\/2018\/05\/avenida301018b1.jpg 700w, http:\/\/www.portalmantena.com.br\/novo\/wp-content\/uploads\/2018\/05\/avenida301018b1-300x64.jpg 300w, http:\/\/www.portalmantena.com.br\/novo\/wp-content\/uploads\/2018\/05\/avenida301018b1-696x150.jpg 696w\" sizes=\"(max-width: 700px) 100vw, 700px\" \/><\/a><\/p>\n","protected":false},"excerpt":{"rendered":"<p>A maior vitrine e variedade de cal\u00e7ados em Mantena e regi\u00e3o, com certeza est\u00e1 na Sapataria Avenida em Mantena, e al\u00e9m dos produtos de qualidade e pre\u00e7o, a empresa possuiu uma equipe excelente de atendimento e administra\u00e7\u00e3o. Nesta sexta-feira de BLACK FRIDAY em Mantena, os amigos clientes estar\u00e3o mais uma vez bem servidos quando o [&hellip;]<\/p>\n","protected":false},"author":1,"featured_media":40555,"comment_status":"open","ping_status":"open","sticky":false,"template":"","format":"standard","meta":[],"categories":[7],"tags":[],"_links":{"self":[{"href":"http:\/\/www.portalmantena.com.br\/novo\/index.php?rest_route=\/wp\/v2\/posts\/40554"}],"collection":[{"href":"http:\/\/www.portalmantena.com.br\/novo\/index.php?rest_route=\/wp\/v2\/posts"}],"about":[{"href":"http:\/\/www.portalmantena.com.br\/novo\/index.php?rest_route=\/wp\/v2\/types\/post"}],"author":[{"embeddable":true,"href":"http:\/\/www.portalmantena.com.br\/novo\/index.php?rest_route=\/wp\/v2\/users\/1"}],"replies":[{"embeddable":true,"href":"http:\/\/www.portalmantena.com.br\/novo\/index.php?rest_route=%2Fwp%2Fv2%2Fcomments&post=40554"}],"version-history":[{"count":1,"href":"http:\/\/www.portalmantena.com.br\/novo\/index.php?rest_route=\/wp\/v2\/posts\/40554\/revisions"}],"predecessor-version":[{"id":40556,"href":"http:\/\/www.portalmantena.com.br\/novo\/index.php?rest_route=\/wp\/v2\/posts\/40554\/revisions\/40556"}],"wp:featuredmedia":[{"embeddable":true,"href":"http:\/\/www.portalmantena.com.br\/novo\/index.php?rest_route=\/wp\/v2\/media\/40555"}],"wp:attachment":[{"href":"http:\/\/www.portalmantena.com.br\/novo\/index.php?rest_route=%2Fwp%2Fv2%2Fmedia&parent=40554"}],"wp:term":[{"taxonomy":"category","embeddable":true,"href":"http:\/\/www.portalmantena.com.br\/novo\/index.php?rest_route=%2Fwp%2Fv2%2Fcategories&post=40554"},{"taxonomy":"post_tag","embeddable":true,"href":"http:\/\/www.portalmantena.com.br\/novo\/index.php?rest_route=%2Fwp%2Fv2%2Ftags&post=40554"}],"curies":[{"name":"wp","href":"https:\/\/api.w.org\/{rel}","templated":true}]}}