{"id":40538,"date":"2018-11-23T09:00:23","date_gmt":"2018-11-23T11:00:23","guid":{"rendered":"http:\/\/www.portalmantena.com.br\/novo\/?p=40538"},"modified":"2018-11-23T09:00:23","modified_gmt":"2018-11-23T11:00:23","slug":"clientes-e-amigos-prestigiando-a-pw-motos-em-mantena","status":"publish","type":"post","link":"http:\/\/www.portalmantena.com.br\/novo\/?p=40538","title":{"rendered":"Clientes e amigos prestigiando a PW Motos em Mantena"},"content":{"rendered":"<p><a href=\"http:\/\/www.portalmantena.com.br\/novo\/wp-content\/uploads\/2018\/11\/vi231118moto.jpg\"><img loading=\"lazy\" class=\"alignnone size-full wp-image-40540\" src=\"http:\/\/www.portalmantena.com.br\/novo\/wp-content\/uploads\/2018\/11\/vi231118moto.jpg\" alt=\"\" width=\"700\" height=\"450\" srcset=\"http:\/\/www.portalmantena.com.br\/novo\/wp-content\/uploads\/2018\/11\/vi231118moto.jpg 700w, http:\/\/www.portalmantena.com.br\/novo\/wp-content\/uploads\/2018\/11\/vi231118moto-300x193.jpg 300w, http:\/\/www.portalmantena.com.br\/novo\/wp-content\/uploads\/2018\/11\/vi231118moto-696x447.jpg 696w, http:\/\/www.portalmantena.com.br\/novo\/wp-content\/uploads\/2018\/11\/vi231118moto-653x420.jpg 653w\" sizes=\"(max-width: 700px) 100vw, 700px\" \/><\/a><\/p>\n<p><span style=\"font-size: 14pt;\">Os nossos amigos, os radialistas mantenenses Rodrigo Alves e Gilmar Francisco, prestigiando a inaugura\u00e7\u00e3o das novas instala\u00e7\u00f5es da PW Motos em Mantena. <\/span><\/p>\n<p><span style=\"font-size: 14pt;\">Agora oferecendo os melhores servi\u00e7os de Oficina na avenida Get\u00falio Vargas, 430 &#8211; pr\u00f3ximo ao Col\u00e9gio Batista. <\/span><\/p>\n<p><span style=\"font-size: 14pt;\">Ao lado do empres\u00e1rio Welington Marques, eles que j\u00e1 s\u00e3o clientes da oficina, foram ver de perto as novidades e as novas instala\u00e7\u00f5es da loja que ficou realmente muito bem montada, parab\u00e9ns.<\/span><\/p>\n<p><a href=\"http:\/\/www.portalmantena.com.br\/novo\/\"><img loading=\"lazy\" class=\"alignnone size-full wp-image-37296\" src=\"http:\/\/www.portalmantena.com.br\/novo\/wp-content\/uploads\/2018\/05\/faixavitrine2.jpg\" alt=\"\" width=\"700\" height=\"40\" srcset=\"http:\/\/www.portalmantena.com.br\/novo\/wp-content\/uploads\/2018\/05\/faixavitrine2.jpg 700w, http:\/\/www.portalmantena.com.br\/novo\/wp-content\/uploads\/2018\/05\/faixavitrine2-300x17.jpg 300w, http:\/\/www.portalmantena.com.br\/novo\/wp-content\/uploads\/2018\/05\/faixavitrine2-696x40.jpg 696w\" sizes=\"(max-width: 700px) 100vw, 700px\" \/><\/a><\/p>\n<p>ESPA\u00c7O EMPRESARIAL<\/p>\n<p><a href=\"http:\/\/www.portalmantena.com.br\/novo\/wp-content\/uploads\/2018\/11\/pwmotos2.jpg\"><img loading=\"lazy\" class=\"alignnone size-full wp-image-40541\" src=\"http:\/\/www.portalmantena.com.br\/novo\/wp-content\/uploads\/2018\/11\/pwmotos2.jpg\" alt=\"\" width=\"325\" height=\"180\" srcset=\"http:\/\/www.portalmantena.com.br\/novo\/wp-content\/uploads\/2018\/11\/pwmotos2.jpg 325w, http:\/\/www.portalmantena.com.br\/novo\/wp-content\/uploads\/2018\/11\/pwmotos2-300x166.jpg 300w, http:\/\/www.portalmantena.com.br\/novo\/wp-content\/uploads\/2018\/11\/pwmotos2-324x180.jpg 324w\" sizes=\"(max-width: 325px) 100vw, 325px\" \/><\/a><\/p>\n","protected":false},"excerpt":{"rendered":"<p>Os nossos amigos, os radialistas mantenenses Rodrigo Alves e Gilmar Francisco, prestigiando a inaugura\u00e7\u00e3o das novas instala\u00e7\u00f5es da PW Motos em Mantena. Agora oferecendo os melhores servi\u00e7os de Oficina na avenida Get\u00falio Vargas, 430 &#8211; pr\u00f3ximo ao Col\u00e9gio Batista. Ao lado do empres\u00e1rio Welington Marques, eles que j\u00e1 s\u00e3o clientes da oficina, foram ver de [&hellip;]<\/p>\n","protected":false},"author":1,"featured_media":40540,"comment_status":"open","ping_status":"open","sticky":false,"template":"","format":"standard","meta":[],"categories":[7],"tags":[],"_links":{"self":[{"href":"http:\/\/www.portalmantena.com.br\/novo\/index.php?rest_route=\/wp\/v2\/posts\/40538"}],"collection":[{"href":"http:\/\/www.portalmantena.com.br\/novo\/index.php?rest_route=\/wp\/v2\/posts"}],"about":[{"href":"http:\/\/www.portalmantena.com.br\/novo\/index.php?rest_route=\/wp\/v2\/types\/post"}],"author":[{"embeddable":true,"href":"http:\/\/www.portalmantena.com.br\/novo\/index.php?rest_route=\/wp\/v2\/users\/1"}],"replies":[{"embeddable":true,"href":"http:\/\/www.portalmantena.com.br\/novo\/index.php?rest_route=%2Fwp%2Fv2%2Fcomments&post=40538"}],"version-history":[{"count":1,"href":"http:\/\/www.portalmantena.com.br\/novo\/index.php?rest_route=\/wp\/v2\/posts\/40538\/revisions"}],"predecessor-version":[{"id":40543,"href":"http:\/\/www.portalmantena.com.br\/novo\/index.php?rest_route=\/wp\/v2\/posts\/40538\/revisions\/40543"}],"wp:featuredmedia":[{"embeddable":true,"href":"http:\/\/www.portalmantena.com.br\/novo\/index.php?rest_route=\/wp\/v2\/media\/40540"}],"wp:attachment":[{"href":"http:\/\/www.portalmantena.com.br\/novo\/index.php?rest_route=%2Fwp%2Fv2%2Fmedia&parent=40538"}],"wp:term":[{"taxonomy":"category","embeddable":true,"href":"http:\/\/www.portalmantena.com.br\/novo\/index.php?rest_route=%2Fwp%2Fv2%2Fcategories&post=40538"},{"taxonomy":"post_tag","embeddable":true,"href":"http:\/\/www.portalmantena.com.br\/novo\/index.php?rest_route=%2Fwp%2Fv2%2Ftags&post=40538"}],"curies":[{"name":"wp","href":"https:\/\/api.w.org\/{rel}","templated":true}]}}