{"id":40526,"date":"2018-11-22T22:00:06","date_gmt":"2018-11-23T00:00:06","guid":{"rendered":"http:\/\/www.portalmantena.com.br\/novo\/?p=40526"},"modified":"2018-11-22T16:07:34","modified_gmt":"2018-11-22T18:07:34","slug":"50-anos-de-formados-turma-vai-se-reencontrar-em-mantena","status":"publish","type":"post","link":"http:\/\/www.portalmantena.com.br\/novo\/?p=40526","title":{"rendered":"50 anos de formados, turma vai se reencontrar em Mantena"},"content":{"rendered":"<p><a href=\"http:\/\/www.portalmantena.com.br\/novo\/wp-content\/uploads\/2018\/11\/no221118turma4.jpg\"><img loading=\"lazy\" class=\"alignnone size-full wp-image-40530\" src=\"http:\/\/www.portalmantena.com.br\/novo\/wp-content\/uploads\/2018\/11\/no221118turma4.jpg\" alt=\"\" width=\"700\" height=\"450\" srcset=\"http:\/\/www.portalmantena.com.br\/novo\/wp-content\/uploads\/2018\/11\/no221118turma4.jpg 700w, http:\/\/www.portalmantena.com.br\/novo\/wp-content\/uploads\/2018\/11\/no221118turma4-300x193.jpg 300w, http:\/\/www.portalmantena.com.br\/novo\/wp-content\/uploads\/2018\/11\/no221118turma4-696x447.jpg 696w, http:\/\/www.portalmantena.com.br\/novo\/wp-content\/uploads\/2018\/11\/no221118turma4-653x420.jpg 653w\" sizes=\"(max-width: 700px) 100vw, 700px\" \/><\/a><\/p>\n<p><span style=\"font-size: 14pt;\">Um evento especial e tamb\u00e9m \u00fanico em Mantena e regi\u00e3o est\u00e1 programado para acontecer no pr\u00f3ximo s\u00e1bado dia 24 de Novembro, em um s\u00edtio da regi\u00e3o onde as Formandas do ano de 1968 do curso de Magist\u00e9rio (antigo Normal), estar\u00e3o se reencontrando marcando assim 50 anos que se passaram. <\/span><\/p>\n<p><span style=\"font-size: 14pt;\">Uma data t\u00e3o especial que merece uma bela festa, e com certeza ela est\u00e1 sendo preparada com muito carinho pela comiss\u00e3o organizadora. Ser\u00e3o momentos de lembran\u00e7as, de reviver um passado saud\u00e1vel, rico em hist\u00f3rias e at\u00e9 mesmo do que foi vivido de bom e que a mem\u00f3ria n\u00e3o apagou. <\/span><\/p>\n<p><span style=\"font-size: 14pt;\">Na programa\u00e7\u00e3o est\u00e3o momentos de gratid\u00e3o a Deus, momentos de festa, aquele bate papo e l\u00f3gico de degusta\u00e7\u00e3o. <\/span><\/p>\n<p><span style=\"font-size: 14pt;\">A turma que se formou em 1968 j\u00e1 n\u00e3o est\u00e1 mais completa, no entanto, de acordo com a organiza\u00e7\u00e3o j\u00e1 foram confirmadas as presen\u00e7as de v\u00e1rias destas normalistas que participar\u00e3o deste momento especial em Mantena. <\/span><\/p>\n<p><span style=\"font-size: 14pt;\">A turma que se formou em 1968 foi essa: Ester, Geralda, Mariana, Florinda, Hilda, Ign\u00eaz, Nair, Clezedir Mattedi, Elci, Candinha, Ermira, Ermita, Valti, Terezinha, Maria Vilmar, \u00c0urea, Marilena, Maria da Gra\u00e7as, Walme, e ainda Ivarte e Iracilda (in Memorian).<\/span><\/p>\n<p><a href=\"http:\/\/www.portalmantena.com.br\/novo\/wp-content\/uploads\/2018\/11\/no221118turma2.jpg\"><img loading=\"lazy\" class=\"alignnone size-full wp-image-40528\" src=\"http:\/\/www.portalmantena.com.br\/novo\/wp-content\/uploads\/2018\/11\/no221118turma2.jpg\" alt=\"\" width=\"700\" height=\"450\" srcset=\"http:\/\/www.portalmantena.com.br\/novo\/wp-content\/uploads\/2018\/11\/no221118turma2.jpg 700w, http:\/\/www.portalmantena.com.br\/novo\/wp-content\/uploads\/2018\/11\/no221118turma2-300x193.jpg 300w, http:\/\/www.portalmantena.com.br\/novo\/wp-content\/uploads\/2018\/11\/no221118turma2-696x447.jpg 696w, http:\/\/www.portalmantena.com.br\/novo\/wp-content\/uploads\/2018\/11\/no221118turma2-653x420.jpg 653w\" sizes=\"(max-width: 700px) 100vw, 700px\" \/><\/a> <a href=\"http:\/\/www.portalmantena.com.br\/novo\/wp-content\/uploads\/2018\/11\/no221118turma3.jpg\"><img loading=\"lazy\" class=\"alignnone size-full wp-image-40529\" src=\"http:\/\/www.portalmantena.com.br\/novo\/wp-content\/uploads\/2018\/11\/no221118turma3.jpg\" alt=\"\" width=\"700\" height=\"450\" srcset=\"http:\/\/www.portalmantena.com.br\/novo\/wp-content\/uploads\/2018\/11\/no221118turma3.jpg 700w, http:\/\/www.portalmantena.com.br\/novo\/wp-content\/uploads\/2018\/11\/no221118turma3-300x193.jpg 300w, http:\/\/www.portalmantena.com.br\/novo\/wp-content\/uploads\/2018\/11\/no221118turma3-696x447.jpg 696w, http:\/\/www.portalmantena.com.br\/novo\/wp-content\/uploads\/2018\/11\/no221118turma3-653x420.jpg 653w\" sizes=\"(max-width: 700px) 100vw, 700px\" \/><\/a><a href=\"http:\/\/www.portalmantena.com.br\/novo\/wp-content\/uploads\/2018\/11\/no221118turma1.jpg\"><img loading=\"lazy\" class=\"alignnone size-full wp-image-40527\" src=\"http:\/\/www.portalmantena.com.br\/novo\/wp-content\/uploads\/2018\/11\/no221118turma1.jpg\" alt=\"\" width=\"700\" height=\"450\" srcset=\"http:\/\/www.portalmantena.com.br\/novo\/wp-content\/uploads\/2018\/11\/no221118turma1.jpg 700w, http:\/\/www.portalmantena.com.br\/novo\/wp-content\/uploads\/2018\/11\/no221118turma1-300x193.jpg 300w, http:\/\/www.portalmantena.com.br\/novo\/wp-content\/uploads\/2018\/11\/no221118turma1-696x447.jpg 696w, http:\/\/www.portalmantena.com.br\/novo\/wp-content\/uploads\/2018\/11\/no221118turma1-653x420.jpg 653w\" sizes=\"(max-width: 700px) 100vw, 700px\" \/><\/a><\/p>\n<p><a href=\"http:\/\/www.portalmantena.com.br\/novo\/\"><img loading=\"lazy\" class=\"alignnone size-full wp-image-37331\" src=\"http:\/\/www.portalmantena.com.br\/novo\/wp-content\/uploads\/2018\/05\/faixaportalnoticias5.jpg\" alt=\"\" width=\"700\" height=\"40\" srcset=\"http:\/\/www.portalmantena.com.br\/novo\/wp-content\/uploads\/2018\/05\/faixaportalnoticias5.jpg 700w, http:\/\/www.portalmantena.com.br\/novo\/wp-content\/uploads\/2018\/05\/faixaportalnoticias5-300x17.jpg 300w, http:\/\/www.portalmantena.com.br\/novo\/wp-content\/uploads\/2018\/05\/faixaportalnoticias5-696x40.jpg 696w\" sizes=\"(max-width: 700px) 100vw, 700px\" \/><\/a><\/p>\n<p><span style=\"font-size: 10pt;\">ESPA\u00c7O EMPRESARIAL<\/span><a href=\"https:\/\/www.facebook.com\/profile.php?id=100004934627949&amp;fref=ts\"><img loading=\"lazy\" class=\"alignnone size-full wp-image-36918\" src=\"http:\/\/www.portalmantena.com.br\/novo\/wp-content\/uploads\/2018\/05\/printcolor120918banner.jpg\" alt=\"\" width=\"700\" height=\"150\" srcset=\"http:\/\/www.portalmantena.com.br\/novo\/wp-content\/uploads\/2018\/05\/printcolor120918banner.jpg 700w, http:\/\/www.portalmantena.com.br\/novo\/wp-content\/uploads\/2018\/05\/printcolor120918banner-300x64.jpg 300w, http:\/\/www.portalmantena.com.br\/novo\/wp-content\/uploads\/2018\/05\/printcolor120918banner-696x150.jpg 696w\" sizes=\"(max-width: 700px) 100vw, 700px\" \/><\/a><\/p>\n","protected":false},"excerpt":{"rendered":"<p>Um evento especial e tamb\u00e9m \u00fanico em Mantena e regi\u00e3o est\u00e1 programado para acontecer no pr\u00f3ximo s\u00e1bado dia 24 de Novembro, em um s\u00edtio da regi\u00e3o onde as Formandas do ano de 1968 do curso de Magist\u00e9rio (antigo Normal), estar\u00e3o se reencontrando marcando assim 50 anos que se passaram. Uma data t\u00e3o especial que merece [&hellip;]<\/p>\n","protected":false},"author":1,"featured_media":40530,"comment_status":"open","ping_status":"open","sticky":false,"template":"","format":"standard","meta":[],"categories":[36,12],"tags":[],"_links":{"self":[{"href":"http:\/\/www.portalmantena.com.br\/novo\/index.php?rest_route=\/wp\/v2\/posts\/40526"}],"collection":[{"href":"http:\/\/www.portalmantena.com.br\/novo\/index.php?rest_route=\/wp\/v2\/posts"}],"about":[{"href":"http:\/\/www.portalmantena.com.br\/novo\/index.php?rest_route=\/wp\/v2\/types\/post"}],"author":[{"embeddable":true,"href":"http:\/\/www.portalmantena.com.br\/novo\/index.php?rest_route=\/wp\/v2\/users\/1"}],"replies":[{"embeddable":true,"href":"http:\/\/www.portalmantena.com.br\/novo\/index.php?rest_route=%2Fwp%2Fv2%2Fcomments&post=40526"}],"version-history":[{"count":1,"href":"http:\/\/www.portalmantena.com.br\/novo\/index.php?rest_route=\/wp\/v2\/posts\/40526\/revisions"}],"predecessor-version":[{"id":40531,"href":"http:\/\/www.portalmantena.com.br\/novo\/index.php?rest_route=\/wp\/v2\/posts\/40526\/revisions\/40531"}],"wp:featuredmedia":[{"embeddable":true,"href":"http:\/\/www.portalmantena.com.br\/novo\/index.php?rest_route=\/wp\/v2\/media\/40530"}],"wp:attachment":[{"href":"http:\/\/www.portalmantena.com.br\/novo\/index.php?rest_route=%2Fwp%2Fv2%2Fmedia&parent=40526"}],"wp:term":[{"taxonomy":"category","embeddable":true,"href":"http:\/\/www.portalmantena.com.br\/novo\/index.php?rest_route=%2Fwp%2Fv2%2Fcategories&post=40526"},{"taxonomy":"post_tag","embeddable":true,"href":"http:\/\/www.portalmantena.com.br\/novo\/index.php?rest_route=%2Fwp%2Fv2%2Ftags&post=40526"}],"curies":[{"name":"wp","href":"https:\/\/api.w.org\/{rel}","templated":true}]}}