{"id":40430,"date":"2018-11-21T10:54:52","date_gmt":"2018-11-21T12:54:52","guid":{"rendered":"http:\/\/www.portalmantena.com.br\/novo\/?p=40430"},"modified":"2018-11-21T10:54:52","modified_gmt":"2018-11-21T12:54:52","slug":"sexta-feira-sera-o-maior-black-friday-da-regiao-na-rede-valente","status":"publish","type":"post","link":"http:\/\/www.portalmantena.com.br\/novo\/?p=40430","title":{"rendered":"Sexta-feira ser\u00e1 o maior Black Friday da regi\u00e3o na rede Valente"},"content":{"rendered":"<p><a href=\"http:\/\/www.portalmantena.com.br\/novo\/wp-content\/uploads\/2018\/11\/no211118valente.jpg\"><img loading=\"lazy\" class=\"alignnone size-full wp-image-40431\" src=\"http:\/\/www.portalmantena.com.br\/novo\/wp-content\/uploads\/2018\/11\/no211118valente.jpg\" alt=\"\" width=\"700\" height=\"450\" srcset=\"http:\/\/www.portalmantena.com.br\/novo\/wp-content\/uploads\/2018\/11\/no211118valente.jpg 700w, http:\/\/www.portalmantena.com.br\/novo\/wp-content\/uploads\/2018\/11\/no211118valente-300x193.jpg 300w, http:\/\/www.portalmantena.com.br\/novo\/wp-content\/uploads\/2018\/11\/no211118valente-696x447.jpg 696w, http:\/\/www.portalmantena.com.br\/novo\/wp-content\/uploads\/2018\/11\/no211118valente-653x420.jpg 653w\" sizes=\"(max-width: 700px) 100vw, 700px\" \/><\/a><\/p>\n<p><span style=\"font-size: 14pt;\">Como vem acontecendo nos \u00faltimos anos, uma data muito especial tem sido marcada pela Rede Valente Smart em Mantena com a realiza\u00e7\u00e3o do melhor BLACK FRIDAY da regi\u00e3o, ou seja, um dia separado inteiramente para as PROMO\u00c7\u00d5ES, que s\u00e3o aguardadas com muita expectativa, principalmente pelos consumidores mantenenses e amigos clientes. <\/span><\/p>\n<p><span style=\"font-size: 14pt;\">Este dia est\u00e1 chegando, ser\u00e1 nesta sexta-feira dia 23 de Novembro, com as portas das tr\u00eas lojas em Mantena se abrindo logo bem cedo (por volta das 7 hs da manh\u00e3), e oferecendo para os clientes descontos de at\u00e9 50%, incluindo produtos com pre\u00e7o abaixo do custo. <\/span><\/p>\n<p><span style=\"font-size: 14pt;\">Ser\u00e3o v\u00e1rios itens em oferta, e o amigo cliente n\u00e3o pode perder esta oportunidade de fazer suas compras com pre\u00e7o bom e produtos de qualidade. Mantena e regi\u00e3o ir\u00e3o se surpreender com as ofertas, aguarde e confira.<\/span><\/p>\n<p><a href=\"http:\/\/www.portalmantena.com.br\/novo\/\"><img loading=\"lazy\" class=\"alignnone size-full wp-image-37331\" src=\"http:\/\/www.portalmantena.com.br\/novo\/wp-content\/uploads\/2018\/05\/faixaportalnoticias5.jpg\" alt=\"\" width=\"700\" height=\"40\" srcset=\"http:\/\/www.portalmantena.com.br\/novo\/wp-content\/uploads\/2018\/05\/faixaportalnoticias5.jpg 700w, http:\/\/www.portalmantena.com.br\/novo\/wp-content\/uploads\/2018\/05\/faixaportalnoticias5-300x17.jpg 300w, http:\/\/www.portalmantena.com.br\/novo\/wp-content\/uploads\/2018\/05\/faixaportalnoticias5-696x40.jpg 696w\" sizes=\"(max-width: 700px) 100vw, 700px\" \/><\/a><\/p>\n<p><span style=\"font-size: 10pt;\">ESPA\u00c7O EMPRESARIAL<\/span><a href=\"https:\/\/www.facebook.com\/redevalente\/\"><img loading=\"lazy\" class=\"alignnone size-full wp-image-29188\" src=\"http:\/\/www.portalmantena.com.br\/novo\/wp-content\/uploads\/2018\/05\/valentefaixa.jpg\" alt=\"\" width=\"700\" height=\"150\" srcset=\"http:\/\/www.portalmantena.com.br\/novo\/wp-content\/uploads\/2018\/05\/valentefaixa.jpg 700w, http:\/\/www.portalmantena.com.br\/novo\/wp-content\/uploads\/2018\/05\/valentefaixa-300x64.jpg 300w, http:\/\/www.portalmantena.com.br\/novo\/wp-content\/uploads\/2018\/05\/valentefaixa-696x150.jpg 696w\" sizes=\"(max-width: 700px) 100vw, 700px\" \/><\/a><\/p>\n","protected":false},"excerpt":{"rendered":"<p>Como vem acontecendo nos \u00faltimos anos, uma data muito especial tem sido marcada pela Rede Valente Smart em Mantena com a realiza\u00e7\u00e3o do melhor BLACK FRIDAY da regi\u00e3o, ou seja, um dia separado inteiramente para as PROMO\u00c7\u00d5ES, que s\u00e3o aguardadas com muita expectativa, principalmente pelos consumidores mantenenses e amigos clientes. Este dia est\u00e1 chegando, ser\u00e1 [&hellip;]<\/p>\n","protected":false},"author":1,"featured_media":40431,"comment_status":"open","ping_status":"open","sticky":false,"template":"","format":"standard","meta":[],"categories":[36,11],"tags":[],"_links":{"self":[{"href":"http:\/\/www.portalmantena.com.br\/novo\/index.php?rest_route=\/wp\/v2\/posts\/40430"}],"collection":[{"href":"http:\/\/www.portalmantena.com.br\/novo\/index.php?rest_route=\/wp\/v2\/posts"}],"about":[{"href":"http:\/\/www.portalmantena.com.br\/novo\/index.php?rest_route=\/wp\/v2\/types\/post"}],"author":[{"embeddable":true,"href":"http:\/\/www.portalmantena.com.br\/novo\/index.php?rest_route=\/wp\/v2\/users\/1"}],"replies":[{"embeddable":true,"href":"http:\/\/www.portalmantena.com.br\/novo\/index.php?rest_route=%2Fwp%2Fv2%2Fcomments&post=40430"}],"version-history":[{"count":1,"href":"http:\/\/www.portalmantena.com.br\/novo\/index.php?rest_route=\/wp\/v2\/posts\/40430\/revisions"}],"predecessor-version":[{"id":40432,"href":"http:\/\/www.portalmantena.com.br\/novo\/index.php?rest_route=\/wp\/v2\/posts\/40430\/revisions\/40432"}],"wp:featuredmedia":[{"embeddable":true,"href":"http:\/\/www.portalmantena.com.br\/novo\/index.php?rest_route=\/wp\/v2\/media\/40431"}],"wp:attachment":[{"href":"http:\/\/www.portalmantena.com.br\/novo\/index.php?rest_route=%2Fwp%2Fv2%2Fmedia&parent=40430"}],"wp:term":[{"taxonomy":"category","embeddable":true,"href":"http:\/\/www.portalmantena.com.br\/novo\/index.php?rest_route=%2Fwp%2Fv2%2Fcategories&post=40430"},{"taxonomy":"post_tag","embeddable":true,"href":"http:\/\/www.portalmantena.com.br\/novo\/index.php?rest_route=%2Fwp%2Fv2%2Ftags&post=40430"}],"curies":[{"name":"wp","href":"https:\/\/api.w.org\/{rel}","templated":true}]}}