{"id":40427,"date":"2018-11-21T19:16:53","date_gmt":"2018-11-21T21:16:53","guid":{"rendered":"http:\/\/www.portalmantena.com.br\/novo\/?p=40427"},"modified":"2018-11-21T10:20:37","modified_gmt":"2018-11-21T12:20:37","slug":"usiminas-esta-com-inscricoes-abertas-para-estagiarios","status":"publish","type":"post","link":"http:\/\/www.portalmantena.com.br\/novo\/?p=40427","title":{"rendered":"Usiminas est\u00e1 com inscri\u00e7\u00f5es abertas para Estagi\u00e1rios"},"content":{"rendered":"<p><a href=\"http:\/\/www.portalmantena.com.br\/novo\/wp-content\/uploads\/2018\/11\/no211118usiminas1.jpg\"><img loading=\"lazy\" class=\"alignnone size-full wp-image-40428\" src=\"http:\/\/www.portalmantena.com.br\/novo\/wp-content\/uploads\/2018\/11\/no211118usiminas1.jpg\" alt=\"\" width=\"700\" height=\"450\" srcset=\"http:\/\/www.portalmantena.com.br\/novo\/wp-content\/uploads\/2018\/11\/no211118usiminas1.jpg 700w, http:\/\/www.portalmantena.com.br\/novo\/wp-content\/uploads\/2018\/11\/no211118usiminas1-300x193.jpg 300w, http:\/\/www.portalmantena.com.br\/novo\/wp-content\/uploads\/2018\/11\/no211118usiminas1-696x447.jpg 696w, http:\/\/www.portalmantena.com.br\/novo\/wp-content\/uploads\/2018\/11\/no211118usiminas1-653x420.jpg 653w\" sizes=\"(max-width: 700px) 100vw, 700px\" \/><\/a><\/p>\n<p><span style=\"font-size: 14pt;\">A Usiminas est\u00e1 com inscri\u00e7\u00f5es abertas para seus programas de est\u00e1gio. S\u00e3o oferecidas v\u00e1rias vagas para estudantes de diversos cursos em tr\u00eas modalidades: est\u00e1gio superior, t\u00e9cnico e est\u00e1gio de f\u00e9rias. <\/span><\/p>\n<p><span style=\"font-size: 14pt;\">Os estagi\u00e1rios ir\u00e3o atuar nas diversas cidades onde a Usiminas tem opera\u00e7\u00e3o em Minas Gerais, S\u00e3o Paulo, Rio Grande do Sul, Esp\u00edrito Santo e Pernambuco, conforme as \u00e1reas de forma\u00e7\u00e3o. <\/span><\/p>\n<p><span style=\"font-size: 14pt;\">As inscri\u00e7\u00f5es v\u00e3o at\u00e9 o dia 4 de dezembro e devem ser feitas diretamente no site <strong><a href=\"http:\/\/www.usiminas.com\/pessoas\/programa-de-estagio\/\">www.usiminas.com<\/a><\/strong> Cabe ressaltar que os estudantes da gradua\u00e7\u00e3o n\u00e3o poder\u00e3o participar do processo seletivo para o est\u00e1gio superior e de f\u00e9rias simultaneamente, de acordo com os requisitos de cada modalidade. (fonte\/foto:Usiminas.com).<\/span><\/p>\n<p><a href=\"http:\/\/www.portalmantena.com.br\/novo\/\"><img loading=\"lazy\" class=\"alignnone size-full wp-image-37331\" src=\"http:\/\/www.portalmantena.com.br\/novo\/wp-content\/uploads\/2018\/05\/faixaportalnoticias5.jpg\" alt=\"\" width=\"700\" height=\"40\" srcset=\"http:\/\/www.portalmantena.com.br\/novo\/wp-content\/uploads\/2018\/05\/faixaportalnoticias5.jpg 700w, http:\/\/www.portalmantena.com.br\/novo\/wp-content\/uploads\/2018\/05\/faixaportalnoticias5-300x17.jpg 300w, http:\/\/www.portalmantena.com.br\/novo\/wp-content\/uploads\/2018\/05\/faixaportalnoticias5-696x40.jpg 696w\" sizes=\"(max-width: 700px) 100vw, 700px\" \/><\/a><\/p>\n<p><span style=\"font-size: 10pt;\">ESPA\u00c7O EMPRESARIAL<\/span><a href=\"https:\/\/www.facebook.com\/redevalente\/\"><img loading=\"lazy\" class=\"alignnone size-full wp-image-29188\" src=\"http:\/\/www.portalmantena.com.br\/novo\/wp-content\/uploads\/2018\/05\/valentefaixa.jpg\" alt=\"\" width=\"700\" height=\"150\" srcset=\"http:\/\/www.portalmantena.com.br\/novo\/wp-content\/uploads\/2018\/05\/valentefaixa.jpg 700w, http:\/\/www.portalmantena.com.br\/novo\/wp-content\/uploads\/2018\/05\/valentefaixa-300x64.jpg 300w, http:\/\/www.portalmantena.com.br\/novo\/wp-content\/uploads\/2018\/05\/valentefaixa-696x150.jpg 696w\" sizes=\"(max-width: 700px) 100vw, 700px\" \/><\/a><\/p>\n<p>&nbsp;<\/p>\n","protected":false},"excerpt":{"rendered":"<p>A Usiminas est\u00e1 com inscri\u00e7\u00f5es abertas para seus programas de est\u00e1gio. S\u00e3o oferecidas v\u00e1rias vagas para estudantes de diversos cursos em tr\u00eas modalidades: est\u00e1gio superior, t\u00e9cnico e est\u00e1gio de f\u00e9rias. Os estagi\u00e1rios ir\u00e3o atuar nas diversas cidades onde a Usiminas tem opera\u00e7\u00e3o em Minas Gerais, S\u00e3o Paulo, Rio Grande do Sul, Esp\u00edrito Santo e Pernambuco, [&hellip;]<\/p>\n","protected":false},"author":1,"featured_media":40428,"comment_status":"open","ping_status":"open","sticky":false,"template":"","format":"standard","meta":[],"categories":[67,11],"tags":[],"_links":{"self":[{"href":"http:\/\/www.portalmantena.com.br\/novo\/index.php?rest_route=\/wp\/v2\/posts\/40427"}],"collection":[{"href":"http:\/\/www.portalmantena.com.br\/novo\/index.php?rest_route=\/wp\/v2\/posts"}],"about":[{"href":"http:\/\/www.portalmantena.com.br\/novo\/index.php?rest_route=\/wp\/v2\/types\/post"}],"author":[{"embeddable":true,"href":"http:\/\/www.portalmantena.com.br\/novo\/index.php?rest_route=\/wp\/v2\/users\/1"}],"replies":[{"embeddable":true,"href":"http:\/\/www.portalmantena.com.br\/novo\/index.php?rest_route=%2Fwp%2Fv2%2Fcomments&post=40427"}],"version-history":[{"count":1,"href":"http:\/\/www.portalmantena.com.br\/novo\/index.php?rest_route=\/wp\/v2\/posts\/40427\/revisions"}],"predecessor-version":[{"id":40429,"href":"http:\/\/www.portalmantena.com.br\/novo\/index.php?rest_route=\/wp\/v2\/posts\/40427\/revisions\/40429"}],"wp:featuredmedia":[{"embeddable":true,"href":"http:\/\/www.portalmantena.com.br\/novo\/index.php?rest_route=\/wp\/v2\/media\/40428"}],"wp:attachment":[{"href":"http:\/\/www.portalmantena.com.br\/novo\/index.php?rest_route=%2Fwp%2Fv2%2Fmedia&parent=40427"}],"wp:term":[{"taxonomy":"category","embeddable":true,"href":"http:\/\/www.portalmantena.com.br\/novo\/index.php?rest_route=%2Fwp%2Fv2%2Fcategories&post=40427"},{"taxonomy":"post_tag","embeddable":true,"href":"http:\/\/www.portalmantena.com.br\/novo\/index.php?rest_route=%2Fwp%2Fv2%2Ftags&post=40427"}],"curies":[{"name":"wp","href":"https:\/\/api.w.org\/{rel}","templated":true}]}}