{"id":40404,"date":"2018-11-21T08:57:02","date_gmt":"2018-11-21T10:57:02","guid":{"rendered":"http:\/\/www.portalmantena.com.br\/novo\/?p=40404"},"modified":"2018-11-21T09:03:02","modified_gmt":"2018-11-21T11:03:02","slug":"mais-um-acidente-na-av-getulio-vargas-em-mantena","status":"publish","type":"post","link":"http:\/\/www.portalmantena.com.br\/novo\/?p=40404","title":{"rendered":"Mais um acidente na Av. Get\u00falio Vargas em Mantena"},"content":{"rendered":"<p><a href=\"http:\/\/www.portalmantena.com.br\/novo\/wp-content\/uploads\/2018\/11\/no211118carro3.jpg\"><img loading=\"lazy\" class=\"alignnone size-full wp-image-40407\" src=\"http:\/\/www.portalmantena.com.br\/novo\/wp-content\/uploads\/2018\/11\/no211118carro3.jpg\" alt=\"\" width=\"700\" height=\"450\" srcset=\"http:\/\/www.portalmantena.com.br\/novo\/wp-content\/uploads\/2018\/11\/no211118carro3.jpg 700w, http:\/\/www.portalmantena.com.br\/novo\/wp-content\/uploads\/2018\/11\/no211118carro3-300x193.jpg 300w, http:\/\/www.portalmantena.com.br\/novo\/wp-content\/uploads\/2018\/11\/no211118carro3-696x447.jpg 696w, http:\/\/www.portalmantena.com.br\/novo\/wp-content\/uploads\/2018\/11\/no211118carro3-653x420.jpg 653w\" sizes=\"(max-width: 700px) 100vw, 700px\" \/><\/a><\/p>\n<p><span style=\"font-size: 14pt;\">Os acidentes de tr\u00e2nsito em Mantena seguem fazendo v\u00edtimas e principalmente envolvendo motociclistas. <\/span><\/p>\n<p><span style=\"font-size: 14pt;\">Por volta das 15 hs desta ter\u00e7a-feira (20), a cena de mais um acidente preocupante foi a avenida Get\u00falio Vargas no centro de Mantena, via onde foram registrados apenas neste m\u00eas de Novembro, tr\u00eas acidentes s\u00e9rios envolvendo motos, e o \u00faltimo deles (dia 18), com uma v\u00edtima fatal.<\/span><\/p>\n<p><span style=\"font-size: 14pt;\"> Segundo informa\u00e7\u00f5es, nesta ter\u00e7a-feira, o condutor de uma moto honda bros 150 seguia descendo a via, quando no cruzamento da avenida Get\u00falio Vargas com rua Ant\u00f4nio Coelho de Souza, foi atingido por um ve\u00edculo fiat Uno de cor prata que atravessou o cruzamento sem parar. <\/span><\/p>\n<p><span style=\"font-size: 14pt;\">No impacto o condutor da moto e o carona, foram lan\u00e7ados praticamente na cal\u00e7ada da pra\u00e7a pr\u00f3xima ao local. De acordo com relatos, o carona da moto foi encaminhado ao pronto atendimento do hospital S\u00e3o Vicente, pois reclamava de dores na perna esquerda. <\/span><\/p>\n<p><span style=\"font-size: 14pt;\">O motorista do ve\u00edculo tamb\u00e9m sentiu-se mal e foi encaminhado para atendimento m\u00e9dico. J\u00e1 o condutor da moto ficou no local e narrou como tudo aconteceu, segundo ele foi atingido pelo ve\u00edculo que atravessou o cruzamento e ele n\u00e3o teve como desviar, batendo na parte dianteira direita do uno, e logo em seguida foi lan\u00e7ado ao ch\u00e3o. <\/span><\/p>\n<p><span style=\"font-size: 14pt;\">A pol\u00edcia militar foi acionada para comparecer e registrar o boletim de ocorr\u00eancia. Lembrando que o local \u00e9 bem sinalizado, e que recentemente at\u00e9 mesmo placas com o limite de velocidade (40 km), foram instalados na vida.<\/span><\/p>\n<p><a href=\"http:\/\/www.portalmantena.com.br\/novo\/wp-content\/uploads\/2018\/11\/no211118carro1.jpg\"><img loading=\"lazy\" class=\"alignnone size-full wp-image-40405\" src=\"http:\/\/www.portalmantena.com.br\/novo\/wp-content\/uploads\/2018\/11\/no211118carro1.jpg\" alt=\"\" width=\"700\" height=\"450\" srcset=\"http:\/\/www.portalmantena.com.br\/novo\/wp-content\/uploads\/2018\/11\/no211118carro1.jpg 700w, http:\/\/www.portalmantena.com.br\/novo\/wp-content\/uploads\/2018\/11\/no211118carro1-300x193.jpg 300w, http:\/\/www.portalmantena.com.br\/novo\/wp-content\/uploads\/2018\/11\/no211118carro1-696x447.jpg 696w, http:\/\/www.portalmantena.com.br\/novo\/wp-content\/uploads\/2018\/11\/no211118carro1-653x420.jpg 653w\" sizes=\"(max-width: 700px) 100vw, 700px\" \/><\/a><a href=\"http:\/\/www.portalmantena.com.br\/novo\/wp-content\/uploads\/2018\/11\/no211118carro2.jpg\"><img loading=\"lazy\" class=\"alignnone size-full wp-image-40406\" src=\"http:\/\/www.portalmantena.com.br\/novo\/wp-content\/uploads\/2018\/11\/no211118carro2.jpg\" alt=\"\" width=\"700\" height=\"450\" srcset=\"http:\/\/www.portalmantena.com.br\/novo\/wp-content\/uploads\/2018\/11\/no211118carro2.jpg 700w, http:\/\/www.portalmantena.com.br\/novo\/wp-content\/uploads\/2018\/11\/no211118carro2-300x193.jpg 300w, http:\/\/www.portalmantena.com.br\/novo\/wp-content\/uploads\/2018\/11\/no211118carro2-696x447.jpg 696w, http:\/\/www.portalmantena.com.br\/novo\/wp-content\/uploads\/2018\/11\/no211118carro2-653x420.jpg 653w\" sizes=\"(max-width: 700px) 100vw, 700px\" \/><\/a><a href=\"http:\/\/www.portalmantena.com.br\/novo\/wp-content\/uploads\/2018\/11\/no211118carro4.jpg\"><img loading=\"lazy\" class=\"alignnone size-full wp-image-40408\" src=\"http:\/\/www.portalmantena.com.br\/novo\/wp-content\/uploads\/2018\/11\/no211118carro4.jpg\" alt=\"\" width=\"700\" height=\"450\" srcset=\"http:\/\/www.portalmantena.com.br\/novo\/wp-content\/uploads\/2018\/11\/no211118carro4.jpg 700w, http:\/\/www.portalmantena.com.br\/novo\/wp-content\/uploads\/2018\/11\/no211118carro4-300x193.jpg 300w, http:\/\/www.portalmantena.com.br\/novo\/wp-content\/uploads\/2018\/11\/no211118carro4-696x447.jpg 696w, http:\/\/www.portalmantena.com.br\/novo\/wp-content\/uploads\/2018\/11\/no211118carro4-653x420.jpg 653w\" sizes=\"(max-width: 700px) 100vw, 700px\" \/><\/a> <a href=\"http:\/\/www.portalmantena.com.br\/novo\/wp-content\/uploads\/2018\/11\/no211118carro5.jpg\"><img loading=\"lazy\" class=\"alignnone size-full wp-image-40409\" src=\"http:\/\/www.portalmantena.com.br\/novo\/wp-content\/uploads\/2018\/11\/no211118carro5.jpg\" alt=\"\" width=\"700\" height=\"450\" srcset=\"http:\/\/www.portalmantena.com.br\/novo\/wp-content\/uploads\/2018\/11\/no211118carro5.jpg 700w, http:\/\/www.portalmantena.com.br\/novo\/wp-content\/uploads\/2018\/11\/no211118carro5-300x193.jpg 300w, http:\/\/www.portalmantena.com.br\/novo\/wp-content\/uploads\/2018\/11\/no211118carro5-696x447.jpg 696w, http:\/\/www.portalmantena.com.br\/novo\/wp-content\/uploads\/2018\/11\/no211118carro5-653x420.jpg 653w\" sizes=\"(max-width: 700px) 100vw, 700px\" \/><\/a> <a href=\"http:\/\/www.portalmantena.com.br\/novo\/wp-content\/uploads\/2018\/11\/no211118carro6.jpg\"><img loading=\"lazy\" class=\"alignnone size-full wp-image-40410\" src=\"http:\/\/www.portalmantena.com.br\/novo\/wp-content\/uploads\/2018\/11\/no211118carro6.jpg\" alt=\"\" width=\"700\" height=\"450\" srcset=\"http:\/\/www.portalmantena.com.br\/novo\/wp-content\/uploads\/2018\/11\/no211118carro6.jpg 700w, http:\/\/www.portalmantena.com.br\/novo\/wp-content\/uploads\/2018\/11\/no211118carro6-300x193.jpg 300w, http:\/\/www.portalmantena.com.br\/novo\/wp-content\/uploads\/2018\/11\/no211118carro6-696x447.jpg 696w, http:\/\/www.portalmantena.com.br\/novo\/wp-content\/uploads\/2018\/11\/no211118carro6-653x420.jpg 653w\" sizes=\"(max-width: 700px) 100vw, 700px\" \/><\/a><a href=\"http:\/\/www.portalmantena.com.br\/novo\/\"><img loading=\"lazy\" class=\"alignnone size-full wp-image-37331\" src=\"http:\/\/www.portalmantena.com.br\/novo\/wp-content\/uploads\/2018\/05\/faixaportalnoticias5.jpg\" alt=\"\" width=\"700\" height=\"40\" srcset=\"http:\/\/www.portalmantena.com.br\/novo\/wp-content\/uploads\/2018\/05\/faixaportalnoticias5.jpg 700w, http:\/\/www.portalmantena.com.br\/novo\/wp-content\/uploads\/2018\/05\/faixaportalnoticias5-300x17.jpg 300w, http:\/\/www.portalmantena.com.br\/novo\/wp-content\/uploads\/2018\/05\/faixaportalnoticias5-696x40.jpg 696w\" sizes=\"(max-width: 700px) 100vw, 700px\" \/><\/a><\/p>\n<p><span style=\"font-size: 10pt;\">ESPA\u00c7O EMPRESARIAL<\/span><a href=\"http:\/\/www.portalmantena.com.br\/novo\/wp-content\/uploads\/2018\/05\/cafebonzonfaixa.jpg\"><img loading=\"lazy\" class=\"alignnone size-full wp-image-29162\" src=\"http:\/\/www.portalmantena.com.br\/novo\/wp-content\/uploads\/2018\/05\/cafebonzonfaixa.jpg\" alt=\"\" width=\"700\" height=\"150\" srcset=\"http:\/\/www.portalmantena.com.br\/novo\/wp-content\/uploads\/2018\/05\/cafebonzonfaixa.jpg 700w, http:\/\/www.portalmantena.com.br\/novo\/wp-content\/uploads\/2018\/05\/cafebonzonfaixa-300x64.jpg 300w, http:\/\/www.portalmantena.com.br\/novo\/wp-content\/uploads\/2018\/05\/cafebonzonfaixa-696x150.jpg 696w\" sizes=\"(max-width: 700px) 100vw, 700px\" \/><\/a><\/p>\n","protected":false},"excerpt":{"rendered":"<p>Os acidentes de tr\u00e2nsito em Mantena seguem fazendo v\u00edtimas e principalmente envolvendo motociclistas. Por volta das 15 hs desta ter\u00e7a-feira (20), a cena de mais um acidente preocupante foi a avenida Get\u00falio Vargas no centro de Mantena, via onde foram registrados apenas neste m\u00eas de Novembro, tr\u00eas acidentes s\u00e9rios envolvendo motos, e o \u00faltimo deles [&hellip;]<\/p>\n","protected":false},"author":1,"featured_media":40413,"comment_status":"open","ping_status":"open","sticky":false,"template":"","format":"standard","meta":[],"categories":[36,11],"tags":[],"_links":{"self":[{"href":"http:\/\/www.portalmantena.com.br\/novo\/index.php?rest_route=\/wp\/v2\/posts\/40404"}],"collection":[{"href":"http:\/\/www.portalmantena.com.br\/novo\/index.php?rest_route=\/wp\/v2\/posts"}],"about":[{"href":"http:\/\/www.portalmantena.com.br\/novo\/index.php?rest_route=\/wp\/v2\/types\/post"}],"author":[{"embeddable":true,"href":"http:\/\/www.portalmantena.com.br\/novo\/index.php?rest_route=\/wp\/v2\/users\/1"}],"replies":[{"embeddable":true,"href":"http:\/\/www.portalmantena.com.br\/novo\/index.php?rest_route=%2Fwp%2Fv2%2Fcomments&post=40404"}],"version-history":[{"count":1,"href":"http:\/\/www.portalmantena.com.br\/novo\/index.php?rest_route=\/wp\/v2\/posts\/40404\/revisions"}],"predecessor-version":[{"id":40411,"href":"http:\/\/www.portalmantena.com.br\/novo\/index.php?rest_route=\/wp\/v2\/posts\/40404\/revisions\/40411"}],"wp:featuredmedia":[{"embeddable":true,"href":"http:\/\/www.portalmantena.com.br\/novo\/index.php?rest_route=\/wp\/v2\/media\/40413"}],"wp:attachment":[{"href":"http:\/\/www.portalmantena.com.br\/novo\/index.php?rest_route=%2Fwp%2Fv2%2Fmedia&parent=40404"}],"wp:term":[{"taxonomy":"category","embeddable":true,"href":"http:\/\/www.portalmantena.com.br\/novo\/index.php?rest_route=%2Fwp%2Fv2%2Fcategories&post=40404"},{"taxonomy":"post_tag","embeddable":true,"href":"http:\/\/www.portalmantena.com.br\/novo\/index.php?rest_route=%2Fwp%2Fv2%2Ftags&post=40404"}],"curies":[{"name":"wp","href":"https:\/\/api.w.org\/{rel}","templated":true}]}}