{"id":40397,"date":"2018-11-23T08:23:04","date_gmt":"2018-11-23T10:23:04","guid":{"rendered":"http:\/\/www.portalmantena.com.br\/novo\/?p=40397"},"modified":"2020-06-10T10:14:46","modified_gmt":"2020-06-10T13:14:46","slug":"saae-vai-levar-agua-tratada-as-familias-de-santa-rita","status":"publish","type":"post","link":"http:\/\/www.portalmantena.com.br\/novo\/?p=40397","title":{"rendered":"SAAE vai levar \u00e1gua tratada \u00e0s fam\u00edlias de Santa Rita"},"content":{"rendered":"<p><a href=\"http:\/\/www.portalmantena.com.br\/novo\/wp-content\/uploads\/2018\/11\/no211118moto1.jpg\"><img loading=\"lazy\" class=\"alignnone size-full wp-image-40398\" src=\"http:\/\/www.portalmantena.com.br\/novo\/wp-content\/uploads\/2018\/11\/no211118moto1.jpg\" alt=\"\" width=\"700\" height=\"450\" srcset=\"http:\/\/www.portalmantena.com.br\/novo\/wp-content\/uploads\/2018\/11\/no211118moto1.jpg 700w, http:\/\/www.portalmantena.com.br\/novo\/wp-content\/uploads\/2018\/11\/no211118moto1-300x193.jpg 300w, http:\/\/www.portalmantena.com.br\/novo\/wp-content\/uploads\/2018\/11\/no211118moto1-696x447.jpg 696w, http:\/\/www.portalmantena.com.br\/novo\/wp-content\/uploads\/2018\/11\/no211118moto1-653x420.jpg 653w\" sizes=\"(max-width: 700px) 100vw, 700px\" \/><\/a><\/p>\n<p><span style=\"font-size: 14pt;\">No \u00faltimo dia 5, uma breve reuni\u00e3o aconteceu no p\u00e1tio do escrit\u00f3rio do SAAE em Mantena, onde a dire\u00e7\u00e3o da autarquia, atrav\u00e9s do seu diretor Sr. Paulo Ab\u00edlio, acompanhado do vereador mantenense Sr. Paulo Mariano (Paulinho do Loteamento), fez o comunicado das novas a\u00e7\u00f5es do SAAE de Mantena no sentido de recuperar e colocar em funcionamento a Esta\u00e7\u00e3o de Tratamento de \u00c1gua do povoado de Santa Rita. <\/span><\/p>\n<p><span style=\"font-size: 14pt;\">O diretor da autarquia lembrou bem que todos tem o direito de ter \u00e1gua tratada e de boa qualidade, e no povoado ainda n\u00e3o estava sendo disponibilizado este servi\u00e7o mesmo com uma esta\u00e7\u00e3o de tratamento com sua estrutura pronta j\u00e1 h\u00e1 alguns anos. <\/span><\/p>\n<p><span style=\"font-size: 14pt;\">Desta forma, uma equipe do SAAE j\u00e1 iniciou a reforma do local bem como j\u00e1 foram realizados levantamentos para cadastrar os consumidores, para serem instalados os hidr\u00f4metros que far\u00e3o a gera\u00e7\u00e3o das contas, baseadas nos consumos. \u00a0<\/span><\/p>\n<p><span style=\"font-size: 14pt;\">Foi tamb\u00e9m apresentado a todos, uma moto honda Bros 160, 0 km, que ser\u00e1 utilizada para dar suporte aos servi\u00e7os prestados naquela localidade, pois ser\u00e1 necess\u00e1rio um Operador para a esta\u00e7\u00e3o de tratamento. <\/span><\/p>\n<p><span style=\"font-size: 14pt;\">O vereador Paulo Mariano, aproveitou a oportunidade para demonstrar seu apoio \u00e0s iniciativas do SAAE, e disse que vem acompanhando de perto o que tem sido feito, e a popula\u00e7\u00e3o mantenense est\u00e1 sendo bem atendida pela autarquia que segue com o seu compromisso de levar sa\u00fade \u00e0 comunidade. <\/span><\/p>\n<p><span style=\"font-size: 14pt;\">S\u00e3o a\u00e7\u00f5es importantes que o SAAE de Mantena vem realizando nesta atual gest\u00e3o, priorizando a qualidade na oferta dos servi\u00e7os prestados \u00e0 todos os mantenenses.<\/span><\/p>\n<p><a href=\"http:\/\/www.portalmantena.com.br\/novo\/wp-content\/uploads\/2018\/11\/no211118moto2.jpg\"><img loading=\"lazy\" class=\"alignnone size-full wp-image-40399\" src=\"http:\/\/www.portalmantena.com.br\/novo\/wp-content\/uploads\/2018\/11\/no211118moto2.jpg\" alt=\"\" width=\"700\" height=\"450\" srcset=\"http:\/\/www.portalmantena.com.br\/novo\/wp-content\/uploads\/2018\/11\/no211118moto2.jpg 700w, http:\/\/www.portalmantena.com.br\/novo\/wp-content\/uploads\/2018\/11\/no211118moto2-300x193.jpg 300w, http:\/\/www.portalmantena.com.br\/novo\/wp-content\/uploads\/2018\/11\/no211118moto2-696x447.jpg 696w, http:\/\/www.portalmantena.com.br\/novo\/wp-content\/uploads\/2018\/11\/no211118moto2-653x420.jpg 653w\" sizes=\"(max-width: 700px) 100vw, 700px\" \/><\/a> <a href=\"http:\/\/www.portalmantena.com.br\/novo\/wp-content\/uploads\/2018\/11\/no211118moto3.jpg\"><img loading=\"lazy\" class=\"alignnone size-full wp-image-40400\" src=\"http:\/\/www.portalmantena.com.br\/novo\/wp-content\/uploads\/2018\/11\/no211118moto3.jpg\" alt=\"\" width=\"700\" height=\"450\" srcset=\"http:\/\/www.portalmantena.com.br\/novo\/wp-content\/uploads\/2018\/11\/no211118moto3.jpg 700w, http:\/\/www.portalmantena.com.br\/novo\/wp-content\/uploads\/2018\/11\/no211118moto3-300x193.jpg 300w, http:\/\/www.portalmantena.com.br\/novo\/wp-content\/uploads\/2018\/11\/no211118moto3-696x447.jpg 696w, http:\/\/www.portalmantena.com.br\/novo\/wp-content\/uploads\/2018\/11\/no211118moto3-653x420.jpg 653w\" sizes=\"(max-width: 700px) 100vw, 700px\" \/><\/a> <a href=\"http:\/\/www.portalmantena.com.br\/novo\/wp-content\/uploads\/2018\/11\/no211118moto4.jpg\"><img loading=\"lazy\" class=\"alignnone size-full wp-image-40401\" src=\"http:\/\/www.portalmantena.com.br\/novo\/wp-content\/uploads\/2018\/11\/no211118moto4.jpg\" alt=\"\" width=\"700\" height=\"450\" srcset=\"http:\/\/www.portalmantena.com.br\/novo\/wp-content\/uploads\/2018\/11\/no211118moto4.jpg 700w, http:\/\/www.portalmantena.com.br\/novo\/wp-content\/uploads\/2018\/11\/no211118moto4-300x193.jpg 300w, http:\/\/www.portalmantena.com.br\/novo\/wp-content\/uploads\/2018\/11\/no211118moto4-696x447.jpg 696w, http:\/\/www.portalmantena.com.br\/novo\/wp-content\/uploads\/2018\/11\/no211118moto4-653x420.jpg 653w\" sizes=\"(max-width: 700px) 100vw, 700px\" \/><\/a> <a href=\"http:\/\/www.portalmantena.com.br\/novo\/wp-content\/uploads\/2018\/11\/no211118moto5.jpg\"><img loading=\"lazy\" class=\"alignnone size-full wp-image-40402\" src=\"http:\/\/www.portalmantena.com.br\/novo\/wp-content\/uploads\/2018\/11\/no211118moto5.jpg\" alt=\"\" width=\"700\" height=\"450\" srcset=\"http:\/\/www.portalmantena.com.br\/novo\/wp-content\/uploads\/2018\/11\/no211118moto5.jpg 700w, http:\/\/www.portalmantena.com.br\/novo\/wp-content\/uploads\/2018\/11\/no211118moto5-300x193.jpg 300w, http:\/\/www.portalmantena.com.br\/novo\/wp-content\/uploads\/2018\/11\/no211118moto5-696x447.jpg 696w, http:\/\/www.portalmantena.com.br\/novo\/wp-content\/uploads\/2018\/11\/no211118moto5-653x420.jpg 653w\" sizes=\"(max-width: 700px) 100vw, 700px\" \/><\/a><\/p>\n<p><a href=\"http:\/\/www.portalmantena.com.br\/novo\/\"><img loading=\"lazy\" class=\"alignnone size-full wp-image-37331\" src=\"http:\/\/www.portalmantena.com.br\/novo\/wp-content\/uploads\/2018\/05\/faixaportalnoticias5.jpg\" alt=\"\" width=\"700\" height=\"40\" srcset=\"http:\/\/www.portalmantena.com.br\/novo\/wp-content\/uploads\/2018\/05\/faixaportalnoticias5.jpg 700w, http:\/\/www.portalmantena.com.br\/novo\/wp-content\/uploads\/2018\/05\/faixaportalnoticias5-300x17.jpg 300w, http:\/\/www.portalmantena.com.br\/novo\/wp-content\/uploads\/2018\/05\/faixaportalnoticias5-696x40.jpg 696w\" sizes=\"(max-width: 700px) 100vw, 700px\" \/><\/a><\/p>\n<p><span style=\"font-size: 10pt;\">ESPA\u00c7O EMPRESARIAL<\/span><a href=\"http:\/\/www.portalmantena.com.br\/novo\/?p=39696\"><img src=\"http:\/\/www.portalmantena.com.br\/novo\/wp-content\/uploads\/2018\/11\/uni051118p.jpg\" \/><\/a><\/p>\n","protected":false},"excerpt":{"rendered":"<p>No \u00faltimo dia 5, uma breve reuni\u00e3o aconteceu no p\u00e1tio do escrit\u00f3rio do SAAE em Mantena, onde a dire\u00e7\u00e3o da autarquia, atrav\u00e9s do seu diretor Sr. Paulo Ab\u00edlio, acompanhado do vereador mantenense Sr. Paulo Mariano (Paulinho do Loteamento), fez o comunicado das novas a\u00e7\u00f5es do SAAE de Mantena no sentido de recuperar e colocar em [&hellip;]<\/p>\n","protected":false},"author":1,"featured_media":40398,"comment_status":"open","ping_status":"open","sticky":false,"template":"","format":"standard","meta":[],"categories":[36,69,82],"tags":[],"_links":{"self":[{"href":"http:\/\/www.portalmantena.com.br\/novo\/index.php?rest_route=\/wp\/v2\/posts\/40397"}],"collection":[{"href":"http:\/\/www.portalmantena.com.br\/novo\/index.php?rest_route=\/wp\/v2\/posts"}],"about":[{"href":"http:\/\/www.portalmantena.com.br\/novo\/index.php?rest_route=\/wp\/v2\/types\/post"}],"author":[{"embeddable":true,"href":"http:\/\/www.portalmantena.com.br\/novo\/index.php?rest_route=\/wp\/v2\/users\/1"}],"replies":[{"embeddable":true,"href":"http:\/\/www.portalmantena.com.br\/novo\/index.php?rest_route=%2Fwp%2Fv2%2Fcomments&post=40397"}],"version-history":[{"count":1,"href":"http:\/\/www.portalmantena.com.br\/novo\/index.php?rest_route=\/wp\/v2\/posts\/40397\/revisions"}],"predecessor-version":[{"id":40403,"href":"http:\/\/www.portalmantena.com.br\/novo\/index.php?rest_route=\/wp\/v2\/posts\/40397\/revisions\/40403"}],"wp:featuredmedia":[{"embeddable":true,"href":"http:\/\/www.portalmantena.com.br\/novo\/index.php?rest_route=\/wp\/v2\/media\/40398"}],"wp:attachment":[{"href":"http:\/\/www.portalmantena.com.br\/novo\/index.php?rest_route=%2Fwp%2Fv2%2Fmedia&parent=40397"}],"wp:term":[{"taxonomy":"category","embeddable":true,"href":"http:\/\/www.portalmantena.com.br\/novo\/index.php?rest_route=%2Fwp%2Fv2%2Fcategories&post=40397"},{"taxonomy":"post_tag","embeddable":true,"href":"http:\/\/www.portalmantena.com.br\/novo\/index.php?rest_route=%2Fwp%2Fv2%2Ftags&post=40397"}],"curies":[{"name":"wp","href":"https:\/\/api.w.org\/{rel}","templated":true}]}}