{"id":40386,"date":"2018-11-22T14:27:51","date_gmt":"2018-11-22T16:27:51","guid":{"rendered":"http:\/\/www.portalmantena.com.br\/novo\/?p=40386"},"modified":"2018-11-20T14:31:35","modified_gmt":"2018-11-20T16:31:35","slug":"acusado-de-furto-de-sacas-de-cafe-e-preso-na-regiao","status":"publish","type":"post","link":"http:\/\/www.portalmantena.com.br\/novo\/?p=40386","title":{"rendered":"Acusado de furto de sacas de caf\u00e9 \u00e9 preso na regi\u00e3o"},"content":{"rendered":"<p>&nbsp;<\/p>\n<p><span style=\"font-size: 14pt;\">A Pol\u00edcia Militar prendeu, na tarde de ter\u00e7a-feira (14), mais um integrante de uma quadrilha\u00a0que vinha praticando furto de caf\u00e9, pimenta do reino e ve\u00edculos no munic\u00edpio capixaba de Nova Ven\u00e9cia. <\/span><\/p>\n<p><span style=\"font-size: 14pt;\">O suspeito de 22 anos, foi preso mediante mandado de pris\u00e3o expedido pela justi\u00e7a, ap\u00f3s levantamentos realizados pelos agentes do Servi\u00e7o de Intelig\u00eancia do 2\u00ba Batalh\u00e3o. <\/span><\/p>\n<p><span style=\"font-size: 14pt;\">De acordo com o\u00a0tenente-coronel Sebasti\u00e3o Aleixo Batista, comandante da Unidade, parte do grupo criminoso j\u00e1 havia sido identificado e preso pelos militares. <\/span><\/p>\n<p><span style=\"font-size: 14pt;\">Na ocasi\u00e3o, tr\u00eas ve\u00edculos utilizados pela quadrilha nas a\u00e7\u00f5es criminosas j\u00e1 haviam sido apreendidos, inclusive um \u00f4nibus que foi usado para transportar 83 sacas de caf\u00e9, mil quilos de pimenta do reino, uma motocicleta e outros equipamentos, que foram roubados na noite do dia 03 de setembro, no Patrim\u00f4nio do Perdido. <\/span><\/p>\n<p><span style=\"font-size: 14pt;\">As sacas de caf\u00e9 tamb\u00e9m foram recuperadas pela Pol\u00edcia Militar. Segundo o tenente-coronel Aleixo, na \u00e9poca o suspeito conseguiu fugir do cerco policial, abandonando o ve\u00edculo VW\/Golf, cor prata, que foi apreendido pelos policiais. <\/span><\/p>\n<p><span style=\"font-size: 14pt;\">Os fatos foram levados ao conhecimento do Poder Judici\u00e1rio de Nova Ven\u00e9cia, que expediu um mandado de pris\u00e3o em desfavor do criminoso. Ele foi ent\u00e3o localizado pelos militares do Servi\u00e7o de Intelig\u00eancia, em resid\u00eancia no Bairro Municipal por volta das 16 horas. Ao avistar a equipe, o acusado tentou fugir pelos fundos da casa, mas acabou sendo interceptado. Ele foi detido e encaminhado \u00e0 Delegacia de Pol\u00edcia Civil de Nova Ven\u00e9cia. (fonte:PM).<\/span><\/p>\n<p><a href=\"http:\/\/www.portalmantena.com.br\/novo\/\"><img loading=\"lazy\" class=\"alignnone size-full wp-image-37331\" src=\"http:\/\/www.portalmantena.com.br\/novo\/wp-content\/uploads\/2018\/05\/faixaportalnoticias5.jpg\" alt=\"\" width=\"700\" height=\"40\" srcset=\"http:\/\/www.portalmantena.com.br\/novo\/wp-content\/uploads\/2018\/05\/faixaportalnoticias5.jpg 700w, http:\/\/www.portalmantena.com.br\/novo\/wp-content\/uploads\/2018\/05\/faixaportalnoticias5-300x17.jpg 300w, http:\/\/www.portalmantena.com.br\/novo\/wp-content\/uploads\/2018\/05\/faixaportalnoticias5-696x40.jpg 696w\" sizes=\"(max-width: 700px) 100vw, 700px\" \/><\/a><\/p>\n<p><span style=\"font-size: 10pt;\">ESPA\u00c7O EMPRESARIAL<\/span><a href=\"https:\/\/www.facebook.com\/rf.oliveira.9?fb_dtsg_ag=AdwKEbD701SAGRAnk6E78RY0JikyBfz-gpQi9gILKYSxUg%3AAdzADEPHbaQFKiGvtHRVrGyd9Mg2UIuhHrTGTsZaOQaGyQ\"><img loading=\"lazy\" class=\"alignnone size-full wp-image-39476\" src=\"http:\/\/www.portalmantena.com.br\/novo\/wp-content\/uploads\/2018\/05\/avenida301018b1.jpg\" alt=\"\" width=\"700\" height=\"150\" srcset=\"http:\/\/www.portalmantena.com.br\/novo\/wp-content\/uploads\/2018\/05\/avenida301018b1.jpg 700w, http:\/\/www.portalmantena.com.br\/novo\/wp-content\/uploads\/2018\/05\/avenida301018b1-300x64.jpg 300w, http:\/\/www.portalmantena.com.br\/novo\/wp-content\/uploads\/2018\/05\/avenida301018b1-696x150.jpg 696w\" sizes=\"(max-width: 700px) 100vw, 700px\" \/><\/a><\/p>\n","protected":false},"excerpt":{"rendered":"<p>&nbsp; A Pol\u00edcia Militar prendeu, na tarde de ter\u00e7a-feira (14), mais um integrante de uma quadrilha\u00a0que vinha praticando furto de caf\u00e9, pimenta do reino e ve\u00edculos no munic\u00edpio capixaba de Nova Ven\u00e9cia. O suspeito de 22 anos, foi preso mediante mandado de pris\u00e3o expedido pela justi\u00e7a, ap\u00f3s levantamentos realizados pelos agentes do Servi\u00e7o de Intelig\u00eancia [&hellip;]<\/p>\n","protected":false},"author":1,"featured_media":0,"comment_status":"open","ping_status":"open","sticky":false,"template":"","format":"standard","meta":[],"categories":[24],"tags":[],"_links":{"self":[{"href":"http:\/\/www.portalmantena.com.br\/novo\/index.php?rest_route=\/wp\/v2\/posts\/40386"}],"collection":[{"href":"http:\/\/www.portalmantena.com.br\/novo\/index.php?rest_route=\/wp\/v2\/posts"}],"about":[{"href":"http:\/\/www.portalmantena.com.br\/novo\/index.php?rest_route=\/wp\/v2\/types\/post"}],"author":[{"embeddable":true,"href":"http:\/\/www.portalmantena.com.br\/novo\/index.php?rest_route=\/wp\/v2\/users\/1"}],"replies":[{"embeddable":true,"href":"http:\/\/www.portalmantena.com.br\/novo\/index.php?rest_route=%2Fwp%2Fv2%2Fcomments&post=40386"}],"version-history":[{"count":1,"href":"http:\/\/www.portalmantena.com.br\/novo\/index.php?rest_route=\/wp\/v2\/posts\/40386\/revisions"}],"predecessor-version":[{"id":40387,"href":"http:\/\/www.portalmantena.com.br\/novo\/index.php?rest_route=\/wp\/v2\/posts\/40386\/revisions\/40387"}],"wp:attachment":[{"href":"http:\/\/www.portalmantena.com.br\/novo\/index.php?rest_route=%2Fwp%2Fv2%2Fmedia&parent=40386"}],"wp:term":[{"taxonomy":"category","embeddable":true,"href":"http:\/\/www.portalmantena.com.br\/novo\/index.php?rest_route=%2Fwp%2Fv2%2Fcategories&post=40386"},{"taxonomy":"post_tag","embeddable":true,"href":"http:\/\/www.portalmantena.com.br\/novo\/index.php?rest_route=%2Fwp%2Fv2%2Ftags&post=40386"}],"curies":[{"name":"wp","href":"https:\/\/api.w.org\/{rel}","templated":true}]}}