{"id":40383,"date":"2018-11-22T20:22:47","date_gmt":"2018-11-22T22:22:47","guid":{"rendered":"http:\/\/www.portalmantena.com.br\/novo\/?p=40383"},"modified":"2018-11-20T14:27:46","modified_gmt":"2018-11-20T16:27:46","slug":"pm-ambiental-combatendo-a-pesca-predatoria","status":"publish","type":"post","link":"http:\/\/www.portalmantena.com.br\/novo\/?p=40383","title":{"rendered":"PM ambiental combatendo a pesca predat\u00f3ria"},"content":{"rendered":"<p><a href=\"http:\/\/www.portalmantena.com.br\/novo\/wp-content\/uploads\/2018\/11\/no201118pesca.jpg\"><img loading=\"lazy\" class=\"alignnone size-full wp-image-40384\" src=\"http:\/\/www.portalmantena.com.br\/novo\/wp-content\/uploads\/2018\/11\/no201118pesca.jpg\" alt=\"\" width=\"700\" height=\"450\" srcset=\"http:\/\/www.portalmantena.com.br\/novo\/wp-content\/uploads\/2018\/11\/no201118pesca.jpg 700w, http:\/\/www.portalmantena.com.br\/novo\/wp-content\/uploads\/2018\/11\/no201118pesca-300x193.jpg 300w, http:\/\/www.portalmantena.com.br\/novo\/wp-content\/uploads\/2018\/11\/no201118pesca-696x447.jpg 696w, http:\/\/www.portalmantena.com.br\/novo\/wp-content\/uploads\/2018\/11\/no201118pesca-653x420.jpg 653w\" sizes=\"(max-width: 700px) 100vw, 700px\" \/><\/a><\/p>\n<p><span style=\"font-size: 14pt;\">Na ter\u00e7a-feira (13), a Terceira Companhia do Batalh\u00e3o de Pol\u00edcia Militar Ambiental realizou uma opera\u00e7\u00e3o de fiscaliza\u00e7\u00e3o n\u00e1utica ao longo do Rio Cricar\u00e9, munic\u00edpio de S\u00e3o Mateus, at\u00e9 a conflu\u00eancia com o oceano no munic\u00edpio de Concei\u00e7\u00e3o da Barra. <\/span><\/p>\n<p><span style=\"font-size: 14pt;\">O objetivo foi inibir a pesca predat\u00f3ria na regi\u00e3o. Durante a a\u00e7\u00e3o de fiscaliza\u00e7\u00e3o, os policiais militares realizaram o recolhimento de 550 metros lineares de redes de pesca, com malhas medindo entre 05 e 14 cent\u00edmetros, armadas ao longo do rio em pleno per\u00edodo da piracema. \u00a0<\/span><\/p>\n<p><span style=\"font-size: 14pt;\">A fiscaliza\u00e7\u00e3o foi realizada conforme Instru\u00e7\u00e3o Normativa n\u00ba 195 de 02 de outubro de 2008, que se iniciou no dia 01 de novembro de 2018 e se estende at\u00e9 o dia 28 do m\u00eas de fevereiro de 2019. <\/span><\/p>\n<p><span style=\"font-size: 14pt;\">Al\u00e9m disso, foram encontradas redes na conflu\u00eancia do rio com o mar (local proibido), contrariando outro dispositivo legal \u2013 a Portaria Sudepe n\u00ba 681, de 28 de dezembro de 1967. Ningu\u00e9m foi encontrado no local, raz\u00e3o pela qual as redes foram recolhidas e entregues na Delegacia de Pol\u00edcia Civil de S\u00e3o Mateus. (fonte\/foto:PM).<\/span><\/p>\n<p><a href=\"http:\/\/www.portalmantena.com.br\/novo\/\"><img loading=\"lazy\" class=\"alignnone size-full wp-image-37331\" src=\"http:\/\/www.portalmantena.com.br\/novo\/wp-content\/uploads\/2018\/05\/faixaportalnoticias5.jpg\" alt=\"\" width=\"700\" height=\"40\" srcset=\"http:\/\/www.portalmantena.com.br\/novo\/wp-content\/uploads\/2018\/05\/faixaportalnoticias5.jpg 700w, http:\/\/www.portalmantena.com.br\/novo\/wp-content\/uploads\/2018\/05\/faixaportalnoticias5-300x17.jpg 300w, http:\/\/www.portalmantena.com.br\/novo\/wp-content\/uploads\/2018\/05\/faixaportalnoticias5-696x40.jpg 696w\" sizes=\"(max-width: 700px) 100vw, 700px\" \/><\/a><\/p>\n<p>ESPA\u00c7O EMPRESARIAL<a href=\"http:\/\/www.portalmantena.com.br\/novo\/?p=39480\"><img loading=\"lazy\" class=\"alignnone size-full wp-image-39486\" src=\"http:\/\/www.portalmantena.com.br\/novo\/wp-content\/uploads\/2018\/05\/honca301018faixa.jpg\" alt=\"\" width=\"700\" height=\"150\" srcset=\"http:\/\/www.portalmantena.com.br\/novo\/wp-content\/uploads\/2018\/05\/honca301018faixa.jpg 700w, http:\/\/www.portalmantena.com.br\/novo\/wp-content\/uploads\/2018\/05\/honca301018faixa-300x64.jpg 300w, http:\/\/www.portalmantena.com.br\/novo\/wp-content\/uploads\/2018\/05\/honca301018faixa-696x150.jpg 696w\" sizes=\"(max-width: 700px) 100vw, 700px\" \/><\/a><\/p>\n","protected":false},"excerpt":{"rendered":"<p>Na ter\u00e7a-feira (13), a Terceira Companhia do Batalh\u00e3o de Pol\u00edcia Militar Ambiental realizou uma opera\u00e7\u00e3o de fiscaliza\u00e7\u00e3o n\u00e1utica ao longo do Rio Cricar\u00e9, munic\u00edpio de S\u00e3o Mateus, at\u00e9 a conflu\u00eancia com o oceano no munic\u00edpio de Concei\u00e7\u00e3o da Barra. O objetivo foi inibir a pesca predat\u00f3ria na regi\u00e3o. Durante a a\u00e7\u00e3o de fiscaliza\u00e7\u00e3o, os policiais [&hellip;]<\/p>\n","protected":false},"author":1,"featured_media":40384,"comment_status":"open","ping_status":"open","sticky":false,"template":"","format":"standard","meta":[],"categories":[11,39],"tags":[],"_links":{"self":[{"href":"http:\/\/www.portalmantena.com.br\/novo\/index.php?rest_route=\/wp\/v2\/posts\/40383"}],"collection":[{"href":"http:\/\/www.portalmantena.com.br\/novo\/index.php?rest_route=\/wp\/v2\/posts"}],"about":[{"href":"http:\/\/www.portalmantena.com.br\/novo\/index.php?rest_route=\/wp\/v2\/types\/post"}],"author":[{"embeddable":true,"href":"http:\/\/www.portalmantena.com.br\/novo\/index.php?rest_route=\/wp\/v2\/users\/1"}],"replies":[{"embeddable":true,"href":"http:\/\/www.portalmantena.com.br\/novo\/index.php?rest_route=%2Fwp%2Fv2%2Fcomments&post=40383"}],"version-history":[{"count":1,"href":"http:\/\/www.portalmantena.com.br\/novo\/index.php?rest_route=\/wp\/v2\/posts\/40383\/revisions"}],"predecessor-version":[{"id":40385,"href":"http:\/\/www.portalmantena.com.br\/novo\/index.php?rest_route=\/wp\/v2\/posts\/40383\/revisions\/40385"}],"wp:featuredmedia":[{"embeddable":true,"href":"http:\/\/www.portalmantena.com.br\/novo\/index.php?rest_route=\/wp\/v2\/media\/40384"}],"wp:attachment":[{"href":"http:\/\/www.portalmantena.com.br\/novo\/index.php?rest_route=%2Fwp%2Fv2%2Fmedia&parent=40383"}],"wp:term":[{"taxonomy":"category","embeddable":true,"href":"http:\/\/www.portalmantena.com.br\/novo\/index.php?rest_route=%2Fwp%2Fv2%2Fcategories&post=40383"},{"taxonomy":"post_tag","embeddable":true,"href":"http:\/\/www.portalmantena.com.br\/novo\/index.php?rest_route=%2Fwp%2Fv2%2Ftags&post=40383"}],"curies":[{"name":"wp","href":"https:\/\/api.w.org\/{rel}","templated":true}]}}