{"id":40380,"date":"2018-11-21T19:21:02","date_gmt":"2018-11-21T21:21:02","guid":{"rendered":"http:\/\/www.portalmantena.com.br\/novo\/?p=40380"},"modified":"2018-11-20T14:22:41","modified_gmt":"2018-11-20T16:22:41","slug":"trio-e-detido-duas-armas-e-drogas-sao-apreendidos","status":"publish","type":"post","link":"http:\/\/www.portalmantena.com.br\/novo\/?p=40380","title":{"rendered":"Trio \u00e9 detido, duas armas e drogas s\u00e3o apreendidos"},"content":{"rendered":"<p><a href=\"http:\/\/www.portalmantena.com.br\/novo\/wp-content\/uploads\/2018\/11\/no201118arma.jpg\"><img loading=\"lazy\" class=\"alignnone size-full wp-image-40381\" src=\"http:\/\/www.portalmantena.com.br\/novo\/wp-content\/uploads\/2018\/11\/no201118arma.jpg\" alt=\"\" width=\"700\" height=\"450\" srcset=\"http:\/\/www.portalmantena.com.br\/novo\/wp-content\/uploads\/2018\/11\/no201118arma.jpg 700w, http:\/\/www.portalmantena.com.br\/novo\/wp-content\/uploads\/2018\/11\/no201118arma-300x193.jpg 300w, http:\/\/www.portalmantena.com.br\/novo\/wp-content\/uploads\/2018\/11\/no201118arma-696x447.jpg 696w, http:\/\/www.portalmantena.com.br\/novo\/wp-content\/uploads\/2018\/11\/no201118arma-653x420.jpg 653w\" sizes=\"(max-width: 700px) 100vw, 700px\" \/><\/a><\/p>\n<p><span style=\"font-size: 14pt;\">Policiais militares do 2\u00ba Batalh\u00e3o prenderam, na noite da \u00faltima sexta-feira (16), dois jovens e apreenderam uma adolescente, durante a\u00e7\u00e3o no munic\u00edpio de Pinheiros. <\/span><\/p>\n<p><span style=\"font-size: 14pt;\">Com o trio foram apreendidas duas armas de fogo e um tablete de maconha. Segundo o sargento Evanildo Vargas, que comandou a opera\u00e7\u00e3o, W.B.M., 21 anos, F.P.J., 21 anos e a adolescente de 17 anos, foram abordados em atitude suspeita no Bairro Jundiazinho, durante o Patrulhamento Ostensivo realizado pelos militares da Radiopatrulha.<\/span><\/p>\n<p><span style=\"font-size: 14pt;\"> Durante a revista, os militares encontraram na cintura do jovem um rev\u00f3lver calibre 32, com quatro muni\u00e7\u00f5es. J\u00e1 com o jovem W.B.M. foi apreendida uma garrucha calibre 38 e oito muni\u00e7\u00f5es. <\/span><\/p>\n<p><span style=\"font-size: 14pt;\">Dando continuidade \u00e0s buscas, os policiais encontraram com a adolescente um tablete de maconha e um dichavador. O trio e os materiais apreendidos foram encaminhados ao DPJ de S\u00e3o Mateus. (fonte\/foto:PM) \u00a0\u00a0<\/span><\/p>\n<p><a href=\"http:\/\/www.portalmantena.com.br\/novo\/\"><img loading=\"lazy\" class=\"alignnone size-full wp-image-37331\" src=\"http:\/\/www.portalmantena.com.br\/novo\/wp-content\/uploads\/2018\/05\/faixaportalnoticias5.jpg\" alt=\"\" width=\"700\" height=\"40\" srcset=\"http:\/\/www.portalmantena.com.br\/novo\/wp-content\/uploads\/2018\/05\/faixaportalnoticias5.jpg 700w, http:\/\/www.portalmantena.com.br\/novo\/wp-content\/uploads\/2018\/05\/faixaportalnoticias5-300x17.jpg 300w, http:\/\/www.portalmantena.com.br\/novo\/wp-content\/uploads\/2018\/05\/faixaportalnoticias5-696x40.jpg 696w\" sizes=\"(max-width: 700px) 100vw, 700px\" \/><\/a><\/p>\n<p><span style=\"font-size: 10pt;\">ESPA\u00c7O EMPRESARIAL<\/span><a href=\"https:\/\/www.facebook.com\/Tekol-Basic-1148561818529027\/\"><img src=\"http:\/\/www.portalmantena.com.br\/novo\/wp-content\/uploads\/2018\/08\/tekol210818b-1.jpg\" \/><\/a><\/p>\n","protected":false},"excerpt":{"rendered":"<p>Policiais militares do 2\u00ba Batalh\u00e3o prenderam, na noite da \u00faltima sexta-feira (16), dois jovens e apreenderam uma adolescente, durante a\u00e7\u00e3o no munic\u00edpio de Pinheiros. Com o trio foram apreendidas duas armas de fogo e um tablete de maconha. Segundo o sargento Evanildo Vargas, que comandou a opera\u00e7\u00e3o, W.B.M., 21 anos, F.P.J., 21 anos e a [&hellip;]<\/p>\n","protected":false},"author":1,"featured_media":40381,"comment_status":"open","ping_status":"open","sticky":false,"template":"","format":"standard","meta":[],"categories":[11,34],"tags":[],"_links":{"self":[{"href":"http:\/\/www.portalmantena.com.br\/novo\/index.php?rest_route=\/wp\/v2\/posts\/40380"}],"collection":[{"href":"http:\/\/www.portalmantena.com.br\/novo\/index.php?rest_route=\/wp\/v2\/posts"}],"about":[{"href":"http:\/\/www.portalmantena.com.br\/novo\/index.php?rest_route=\/wp\/v2\/types\/post"}],"author":[{"embeddable":true,"href":"http:\/\/www.portalmantena.com.br\/novo\/index.php?rest_route=\/wp\/v2\/users\/1"}],"replies":[{"embeddable":true,"href":"http:\/\/www.portalmantena.com.br\/novo\/index.php?rest_route=%2Fwp%2Fv2%2Fcomments&post=40380"}],"version-history":[{"count":1,"href":"http:\/\/www.portalmantena.com.br\/novo\/index.php?rest_route=\/wp\/v2\/posts\/40380\/revisions"}],"predecessor-version":[{"id":40382,"href":"http:\/\/www.portalmantena.com.br\/novo\/index.php?rest_route=\/wp\/v2\/posts\/40380\/revisions\/40382"}],"wp:featuredmedia":[{"embeddable":true,"href":"http:\/\/www.portalmantena.com.br\/novo\/index.php?rest_route=\/wp\/v2\/media\/40381"}],"wp:attachment":[{"href":"http:\/\/www.portalmantena.com.br\/novo\/index.php?rest_route=%2Fwp%2Fv2%2Fmedia&parent=40380"}],"wp:term":[{"taxonomy":"category","embeddable":true,"href":"http:\/\/www.portalmantena.com.br\/novo\/index.php?rest_route=%2Fwp%2Fv2%2Fcategories&post=40380"},{"taxonomy":"post_tag","embeddable":true,"href":"http:\/\/www.portalmantena.com.br\/novo\/index.php?rest_route=%2Fwp%2Fv2%2Ftags&post=40380"}],"curies":[{"name":"wp","href":"https:\/\/api.w.org\/{rel}","templated":true}]}}