{"id":40363,"date":"2018-11-20T13:35:26","date_gmt":"2018-11-20T15:35:26","guid":{"rendered":"http:\/\/www.portalmantena.com.br\/novo\/?p=40363"},"modified":"2018-11-20T13:41:04","modified_gmt":"2018-11-20T15:41:04","slug":"faleceu-dona-aparecida-mae-do-nilo-do-cartorio","status":"publish","type":"post","link":"http:\/\/www.portalmantena.com.br\/novo\/?p=40363","title":{"rendered":"Faleceu dona Concei\u00e7\u00e3o Aparecida Baia"},"content":{"rendered":"<p><a href=\"http:\/\/www.portalmantena.com.br\/novo\/wp-content\/uploads\/2018\/11\/no201118luto.jpg\"><img loading=\"lazy\" class=\"alignnone size-full wp-image-40364\" src=\"http:\/\/www.portalmantena.com.br\/novo\/wp-content\/uploads\/2018\/11\/no201118luto.jpg\" alt=\"\" width=\"700\" height=\"450\" srcset=\"http:\/\/www.portalmantena.com.br\/novo\/wp-content\/uploads\/2018\/11\/no201118luto.jpg 700w, http:\/\/www.portalmantena.com.br\/novo\/wp-content\/uploads\/2018\/11\/no201118luto-300x193.jpg 300w, http:\/\/www.portalmantena.com.br\/novo\/wp-content\/uploads\/2018\/11\/no201118luto-696x447.jpg 696w, http:\/\/www.portalmantena.com.br\/novo\/wp-content\/uploads\/2018\/11\/no201118luto-653x420.jpg 653w\" sizes=\"(max-width: 700px) 100vw, 700px\" \/><\/a><\/p>\n<p><span style=\"font-size: 14pt;\">Faleceu nesta ter\u00e7a-feira dia 20 de Novembro, na cidade de Governador Valadares, onde estava internada para tratamento de sa\u00fade, a ilustre mantenense dona Concei\u00e7\u00e3o Aparecida Baia. <\/span><\/p>\n<p><span style=\"font-size: 14pt;\">Dona Aparecida que tinha 91 anos \u00e9 m\u00e3e do Nilo Baia (Nilo do Cart\u00f3rio), Meire Baia (esposa do Gabriel Fiscal) e Vera. <\/span><\/p>\n<p><span style=\"font-size: 14pt;\">Na tarde desta ter\u00e7a-feira, seu corpo ser\u00e1 transladado para Mantena onde ser\u00e1 sepultada no Cemit\u00e9rio do Centro em hor\u00e1rio a ser confirmado pela fam\u00edlia, bem como o local do vel\u00f3rio. <\/span><\/p>\n<p><span style=\"font-size: 14pt;\">Deixamos aqui os profundos sentimentos de p\u00easames \u00e0 toda fam\u00edlia enlutada, passando por este momento de dor e separa\u00e7\u00e3o.<\/span><\/p>\n<p><a href=\"http:\/\/www.portalmantena.com.br\/novo\/\"><img loading=\"lazy\" class=\"alignnone size-full wp-image-37331\" src=\"http:\/\/www.portalmantena.com.br\/novo\/wp-content\/uploads\/2018\/05\/faixaportalnoticias5.jpg\" alt=\"\" width=\"700\" height=\"40\" srcset=\"http:\/\/www.portalmantena.com.br\/novo\/wp-content\/uploads\/2018\/05\/faixaportalnoticias5.jpg 700w, http:\/\/www.portalmantena.com.br\/novo\/wp-content\/uploads\/2018\/05\/faixaportalnoticias5-300x17.jpg 300w, http:\/\/www.portalmantena.com.br\/novo\/wp-content\/uploads\/2018\/05\/faixaportalnoticias5-696x40.jpg 696w\" sizes=\"(max-width: 700px) 100vw, 700px\" \/><\/a><\/p>\n","protected":false},"excerpt":{"rendered":"<p>Faleceu nesta ter\u00e7a-feira dia 20 de Novembro, na cidade de Governador Valadares, onde estava internada para tratamento de sa\u00fade, a ilustre mantenense dona Concei\u00e7\u00e3o Aparecida Baia. Dona Aparecida que tinha 91 anos \u00e9 m\u00e3e do Nilo Baia (Nilo do Cart\u00f3rio), Meire Baia (esposa do Gabriel Fiscal) e Vera. Na tarde desta ter\u00e7a-feira, seu corpo ser\u00e1 [&hellip;]<\/p>\n","protected":false},"author":1,"featured_media":40364,"comment_status":"open","ping_status":"open","sticky":false,"template":"","format":"standard","meta":[],"categories":[36,11],"tags":[],"_links":{"self":[{"href":"http:\/\/www.portalmantena.com.br\/novo\/index.php?rest_route=\/wp\/v2\/posts\/40363"}],"collection":[{"href":"http:\/\/www.portalmantena.com.br\/novo\/index.php?rest_route=\/wp\/v2\/posts"}],"about":[{"href":"http:\/\/www.portalmantena.com.br\/novo\/index.php?rest_route=\/wp\/v2\/types\/post"}],"author":[{"embeddable":true,"href":"http:\/\/www.portalmantena.com.br\/novo\/index.php?rest_route=\/wp\/v2\/users\/1"}],"replies":[{"embeddable":true,"href":"http:\/\/www.portalmantena.com.br\/novo\/index.php?rest_route=%2Fwp%2Fv2%2Fcomments&post=40363"}],"version-history":[{"count":3,"href":"http:\/\/www.portalmantena.com.br\/novo\/index.php?rest_route=\/wp\/v2\/posts\/40363\/revisions"}],"predecessor-version":[{"id":40367,"href":"http:\/\/www.portalmantena.com.br\/novo\/index.php?rest_route=\/wp\/v2\/posts\/40363\/revisions\/40367"}],"wp:featuredmedia":[{"embeddable":true,"href":"http:\/\/www.portalmantena.com.br\/novo\/index.php?rest_route=\/wp\/v2\/media\/40364"}],"wp:attachment":[{"href":"http:\/\/www.portalmantena.com.br\/novo\/index.php?rest_route=%2Fwp%2Fv2%2Fmedia&parent=40363"}],"wp:term":[{"taxonomy":"category","embeddable":true,"href":"http:\/\/www.portalmantena.com.br\/novo\/index.php?rest_route=%2Fwp%2Fv2%2Fcategories&post=40363"},{"taxonomy":"post_tag","embeddable":true,"href":"http:\/\/www.portalmantena.com.br\/novo\/index.php?rest_route=%2Fwp%2Fv2%2Ftags&post=40363"}],"curies":[{"name":"wp","href":"https:\/\/api.w.org\/{rel}","templated":true}]}}