{"id":40357,"date":"2018-11-20T07:27:14","date_gmt":"2018-11-20T09:27:14","guid":{"rendered":"http:\/\/www.portalmantena.com.br\/novo\/?p=40357"},"modified":"2018-11-20T11:28:24","modified_gmt":"2018-11-20T13:28:24","slug":"19nov-pm-realizou-blitz-na-avenida-getulio-vargas","status":"publish","type":"post","link":"http:\/\/www.portalmantena.com.br\/novo\/?p=40357","title":{"rendered":"19NOV &#8211; Noite de blitz da PM na avenida Get\u00falio Vargas"},"content":{"rendered":"<p><strong><a href=\"http:\/\/www.portalmantena.com.br\/novo\/wp-content\/uploads\/2017\/06\/diabaner-1.jpg\"><img loading=\"lazy\" class=\"alignnone size-full wp-image-8000\" src=\"http:\/\/www.portalmantena.com.br\/novo\/wp-content\/uploads\/2017\/06\/diabaner-1.jpg\" alt=\"\" width=\"650\" height=\"100\" srcset=\"http:\/\/www.portalmantena.com.br\/novo\/wp-content\/uploads\/2017\/06\/diabaner-1.jpg 650w, http:\/\/www.portalmantena.com.br\/novo\/wp-content\/uploads\/2017\/06\/diabaner-1-300x46.jpg 300w\" sizes=\"(max-width: 650px) 100vw, 650px\" \/><\/a><\/strong><a href=\"http:\/\/www.portalmantena.com.br\/novo\/wp-content\/uploads\/2018\/11\/dia201118b.jpg\"><img loading=\"lazy\" class=\"alignnone size-full wp-image-40358\" src=\"http:\/\/www.portalmantena.com.br\/novo\/wp-content\/uploads\/2018\/11\/dia201118b.jpg\" alt=\"\" width=\"700\" height=\"450\" srcset=\"http:\/\/www.portalmantena.com.br\/novo\/wp-content\/uploads\/2018\/11\/dia201118b.jpg 700w, http:\/\/www.portalmantena.com.br\/novo\/wp-content\/uploads\/2018\/11\/dia201118b-300x193.jpg 300w, http:\/\/www.portalmantena.com.br\/novo\/wp-content\/uploads\/2018\/11\/dia201118b-696x447.jpg 696w, http:\/\/www.portalmantena.com.br\/novo\/wp-content\/uploads\/2018\/11\/dia201118b-653x420.jpg 653w\" sizes=\"(max-width: 700px) 100vw, 700px\" \/><\/a><a href=\"http:\/\/www.portalmantena.com.br\/novo\/\"><img loading=\"lazy\" class=\"alignnone size-full wp-image-37331\" src=\"http:\/\/www.portalmantena.com.br\/novo\/wp-content\/uploads\/2018\/05\/faixaportalnoticias5.jpg\" alt=\"\" width=\"700\" height=\"40\" srcset=\"http:\/\/www.portalmantena.com.br\/novo\/wp-content\/uploads\/2018\/05\/faixaportalnoticias5.jpg 700w, http:\/\/www.portalmantena.com.br\/novo\/wp-content\/uploads\/2018\/05\/faixaportalnoticias5-300x17.jpg 300w, http:\/\/www.portalmantena.com.br\/novo\/wp-content\/uploads\/2018\/05\/faixaportalnoticias5-696x40.jpg 696w\" sizes=\"(max-width: 700px) 100vw, 700px\" \/><\/a><\/p>\n<p><strong>19 de Novembro<\/strong>\u00a0&#8211;\u00a0Uma\u00a0opera\u00e7\u00e3o de fiscaliza\u00e7\u00e3o da Pol\u00edcia Militar de Mantena, foi realizada na noite desta segunda-feira, na parte alta da avenida Get\u00falio Vargas, bem pr\u00f3ximo do local onde na madrugada deste domingo, um motociclista acabou morrendo ao bater com sua moto na parede de um im\u00f3vel.<\/p>\n<p>Motoristas de ve\u00edculos, entre eles carros e motos foram abordados pelos militares. Um\u00a0caminh\u00e3o\u00a0\u00a0reboque (guincho), tamb\u00e9m estava no local para o evento de algum ve\u00edculo apreendido.<\/p>\n<p><span style=\"font-size: 10pt;\">ESPA\u00c7O EMPRESARIAL<\/span><a href=\"https:\/\/www.facebook.com\/rf.oliveira.9?fb_dtsg_ag=AdwKEbD701SAGRAnk6E78RY0JikyBfz-gpQi9gILKYSxUg%3AAdzADEPHbaQFKiGvtHRVrGyd9Mg2UIuhHrTGTsZaOQaGyQ\"><img loading=\"lazy\" class=\"alignnone size-full wp-image-39476\" src=\"http:\/\/www.portalmantena.com.br\/novo\/wp-content\/uploads\/2018\/05\/avenida301018b1.jpg\" alt=\"\" width=\"700\" height=\"150\" srcset=\"http:\/\/www.portalmantena.com.br\/novo\/wp-content\/uploads\/2018\/05\/avenida301018b1.jpg 700w, http:\/\/www.portalmantena.com.br\/novo\/wp-content\/uploads\/2018\/05\/avenida301018b1-300x64.jpg 300w, http:\/\/www.portalmantena.com.br\/novo\/wp-content\/uploads\/2018\/05\/avenida301018b1-696x150.jpg 696w\" sizes=\"(max-width: 700px) 100vw, 700px\" \/><\/a><\/p>\n","protected":false},"excerpt":{"rendered":"<p>19 de Novembro\u00a0&#8211;\u00a0Uma\u00a0opera\u00e7\u00e3o de fiscaliza\u00e7\u00e3o da Pol\u00edcia Militar de Mantena, foi realizada na noite desta segunda-feira, na parte alta da avenida Get\u00falio Vargas, bem pr\u00f3ximo do local onde na madrugada deste domingo, um motociclista acabou morrendo ao bater com sua moto na parede de um im\u00f3vel. Motoristas de ve\u00edculos, entre eles carros e motos foram [&hellip;]<\/p>\n","protected":false},"author":1,"featured_media":40358,"comment_status":"open","ping_status":"open","sticky":false,"template":"","format":"standard","meta":[],"categories":[50],"tags":[],"_links":{"self":[{"href":"http:\/\/www.portalmantena.com.br\/novo\/index.php?rest_route=\/wp\/v2\/posts\/40357"}],"collection":[{"href":"http:\/\/www.portalmantena.com.br\/novo\/index.php?rest_route=\/wp\/v2\/posts"}],"about":[{"href":"http:\/\/www.portalmantena.com.br\/novo\/index.php?rest_route=\/wp\/v2\/types\/post"}],"author":[{"embeddable":true,"href":"http:\/\/www.portalmantena.com.br\/novo\/index.php?rest_route=\/wp\/v2\/users\/1"}],"replies":[{"embeddable":true,"href":"http:\/\/www.portalmantena.com.br\/novo\/index.php?rest_route=%2Fwp%2Fv2%2Fcomments&post=40357"}],"version-history":[{"count":3,"href":"http:\/\/www.portalmantena.com.br\/novo\/index.php?rest_route=\/wp\/v2\/posts\/40357\/revisions"}],"predecessor-version":[{"id":40361,"href":"http:\/\/www.portalmantena.com.br\/novo\/index.php?rest_route=\/wp\/v2\/posts\/40357\/revisions\/40361"}],"wp:featuredmedia":[{"embeddable":true,"href":"http:\/\/www.portalmantena.com.br\/novo\/index.php?rest_route=\/wp\/v2\/media\/40358"}],"wp:attachment":[{"href":"http:\/\/www.portalmantena.com.br\/novo\/index.php?rest_route=%2Fwp%2Fv2%2Fmedia&parent=40357"}],"wp:term":[{"taxonomy":"category","embeddable":true,"href":"http:\/\/www.portalmantena.com.br\/novo\/index.php?rest_route=%2Fwp%2Fv2%2Fcategories&post=40357"},{"taxonomy":"post_tag","embeddable":true,"href":"http:\/\/www.portalmantena.com.br\/novo\/index.php?rest_route=%2Fwp%2Fv2%2Ftags&post=40357"}],"curies":[{"name":"wp","href":"https:\/\/api.w.org\/{rel}","templated":true}]}}