{"id":403,"date":"2017-02-02T23:10:56","date_gmt":"2017-02-02T23:10:56","guid":{"rendered":"http:\/\/www.portalmantena.com.br\/novo\/?p=403"},"modified":"2017-02-02T23:10:56","modified_gmt":"2017-02-02T23:10:56","slug":"equipes-brasileiros-estreiam-na-libertadores-nesta-quarta-feira","status":"publish","type":"post","link":"http:\/\/www.portalmantena.com.br\/novo\/?p=403","title":{"rendered":"Equipes brasileiros estr\u00e9iam na Libertadores nesta quarta-feira"},"content":{"rendered":"<p><a href=\"http:\/\/www.portalmantena.com.br\/novo\/wp-content\/uploads\/2017\/02\/es010217libertadores.jpg\"><img loading=\"lazy\" class=\"alignnone size-full wp-image-396\" src=\"http:\/\/www.portalmantena.com.br\/novo\/wp-content\/uploads\/2017\/02\/es010217libertadores.jpg\" alt=\"\" width=\"650\" height=\"420\" srcset=\"http:\/\/www.portalmantena.com.br\/novo\/wp-content\/uploads\/2017\/02\/es010217libertadores.jpg 650w, http:\/\/www.portalmantena.com.br\/novo\/wp-content\/uploads\/2017\/02\/es010217libertadores-300x194.jpg 300w\" sizes=\"(max-width: 650px) 100vw, 650px\" \/><\/a><\/p>\n<p>&gt;&gt;&gt;Vai come\u00e7ar nesta quarta-feira a participa\u00e7\u00e3o dos times brasileiros na maior Copa Libertadores da hist\u00f3ria. Neste ano, com a amplia\u00e7\u00e3o do n\u00famero de participantes, o Brasil ter\u00e1 o recorde de 8 representantes, e dois deles j\u00e1 encaram decis\u00f5es na fase preliminar: Atl\u00e9tico-PR e Botafogo. Por outro lado, Atl\u00e9tico-MG, Chapecoense, Flamengo, Gr\u00eamio, Palmeiras e Santos j\u00e1 est\u00e3o garantidos na fase de grupos.<\/p>\n<p>O Atl\u00e9tico-PR entra em campo na Arena da Baixada \u00e0s 21h45, contra o Millonarios, da Col\u00f4mbia, pelo jogo de ida da segunda fase. A decis\u00e3o do classificado ser\u00e1 na pr\u00f3xima quarta-feira, em Bogot\u00e1. Quem passar, ainda ter\u00e1 que encarar outra fase eliminat\u00f3ria, diante do vencedor do confronto entre Deportivo Capiat\u00e1-PAR e Universitario-PER. Finalista da Libertadores em 2005, o Atl\u00e9tico-PR disputar\u00e1 a competi\u00e7\u00e3o pela quinta vez. A \u00faltima participa\u00e7\u00e3o do Furac\u00e3o foi em 2014, quando o time que tinha Adriano Imperador foi eliminado ainda na fase de grupos.<\/p>\n<p>Para tentar a conquista in\u00e9dita, a diretoria apostou em refor\u00e7os de nome e com hist\u00f3rico vencedor no torneio, como o lateral Jonathan, campe\u00e3o pelo Santos em 2011, e o atacante Grafite, que ergueu a ta\u00e7a da competi\u00e7\u00e3o em 2005 pelo S\u00e3o Paulo, justamente na decis\u00e3o contra o Atl\u00e9tico-PR. Outros dois meio-campistas rec\u00e9m-chegados tamb\u00e9m possuem experi\u00eancia internacional: Carlos Alberto, com passagens por v\u00e1rios clubes brasileiros e campe\u00e3o da Liga dos Campe\u00f5es pelo Porto, e Felipe Gedoz, que \u00e9 brasileiro, mas fez sucesso no futebol da B\u00e9lgica e do Uruguai. Dos refor\u00e7os contratados para esta temporada, apenas o atacante Luis Henrique, ex-Botafogo, far\u00e1 sua estr\u00e9ia na competi\u00e7\u00e3o. (fonte\/foto:band)<\/p>\n","protected":false},"excerpt":{"rendered":"<p>&gt;&gt;&gt;Vai come\u00e7ar nesta quarta-feira a participa\u00e7\u00e3o dos times brasileiros na maior Copa Libertadores da hist\u00f3ria. Neste ano, com a amplia\u00e7\u00e3o do n\u00famero de participantes, o Brasil ter\u00e1 o recorde de 8 representantes, e dois deles j\u00e1 encaram decis\u00f5es na fase preliminar: Atl\u00e9tico-PR e Botafogo. Por outro lado, Atl\u00e9tico-MG, Chapecoense, Flamengo, Gr\u00eamio, Palmeiras e Santos j\u00e1 [&hellip;]<\/p>\n","protected":false},"author":1,"featured_media":396,"comment_status":"open","ping_status":"open","sticky":false,"template":"","format":"standard","meta":[],"categories":[22],"tags":[],"_links":{"self":[{"href":"http:\/\/www.portalmantena.com.br\/novo\/index.php?rest_route=\/wp\/v2\/posts\/403"}],"collection":[{"href":"http:\/\/www.portalmantena.com.br\/novo\/index.php?rest_route=\/wp\/v2\/posts"}],"about":[{"href":"http:\/\/www.portalmantena.com.br\/novo\/index.php?rest_route=\/wp\/v2\/types\/post"}],"author":[{"embeddable":true,"href":"http:\/\/www.portalmantena.com.br\/novo\/index.php?rest_route=\/wp\/v2\/users\/1"}],"replies":[{"embeddable":true,"href":"http:\/\/www.portalmantena.com.br\/novo\/index.php?rest_route=%2Fwp%2Fv2%2Fcomments&post=403"}],"version-history":[{"count":1,"href":"http:\/\/www.portalmantena.com.br\/novo\/index.php?rest_route=\/wp\/v2\/posts\/403\/revisions"}],"predecessor-version":[{"id":404,"href":"http:\/\/www.portalmantena.com.br\/novo\/index.php?rest_route=\/wp\/v2\/posts\/403\/revisions\/404"}],"wp:featuredmedia":[{"embeddable":true,"href":"http:\/\/www.portalmantena.com.br\/novo\/index.php?rest_route=\/wp\/v2\/media\/396"}],"wp:attachment":[{"href":"http:\/\/www.portalmantena.com.br\/novo\/index.php?rest_route=%2Fwp%2Fv2%2Fmedia&parent=403"}],"wp:term":[{"taxonomy":"category","embeddable":true,"href":"http:\/\/www.portalmantena.com.br\/novo\/index.php?rest_route=%2Fwp%2Fv2%2Fcategories&post=403"},{"taxonomy":"post_tag","embeddable":true,"href":"http:\/\/www.portalmantena.com.br\/novo\/index.php?rest_route=%2Fwp%2Fv2%2Ftags&post=403"}],"curies":[{"name":"wp","href":"https:\/\/api.w.org\/{rel}","templated":true}]}}