{"id":40117,"date":"2018-11-13T08:58:28","date_gmt":"2018-11-13T10:58:28","guid":{"rendered":"http:\/\/www.portalmantena.com.br\/novo\/?p=40117"},"modified":"2018-11-13T08:59:54","modified_gmt":"2018-11-13T10:59:54","slug":"ponto-facultativo-em-mantena-nesta-sexta-feira","status":"publish","type":"post","link":"http:\/\/www.portalmantena.com.br\/novo\/?p=40117","title":{"rendered":"Ponto Facultativo em Mantena nesta sexta-feira (16)"},"content":{"rendered":"<p><span style=\"font-size: 14pt;\">Nesta sexta-feira dia 16 de Novembro, ser\u00e1 PONTO FACULTATIVO em Mantena, decretado pela Prefeitura Municipal. <\/span><\/p>\n<p><span style=\"font-size: 14pt;\">Dia subsequente ao feriado desta quinta-feira dia 15 de Novembro, Feriado Nacional da Proclama\u00e7\u00e3o da Rep\u00fablica. <\/span><\/p>\n<p><span style=\"font-size: 14pt;\">Desta forma, n\u00e3o haver\u00e1 expediente nas reparti\u00e7\u00f5es p\u00fablicas municipais e autarquias nesta quinta e sexta-feira (dias 15 e 16 de Novembro), com exce\u00e7\u00e3o dos \u00f3rg\u00e3os que desempenham suas fun\u00e7\u00f5es em regime de escala ou plant\u00e3o, e que n\u00e3o admitem paralisa\u00e7\u00e3o.<\/span><\/p>\n<p><a href=\"http:\/\/www.portalmantena.com.br\/novo\/\"><img loading=\"lazy\" class=\"alignnone size-full wp-image-37331\" src=\"http:\/\/www.portalmantena.com.br\/novo\/wp-content\/uploads\/2018\/05\/faixaportalnoticias5.jpg\" alt=\"\" width=\"700\" height=\"40\" srcset=\"http:\/\/www.portalmantena.com.br\/novo\/wp-content\/uploads\/2018\/05\/faixaportalnoticias5.jpg 700w, http:\/\/www.portalmantena.com.br\/novo\/wp-content\/uploads\/2018\/05\/faixaportalnoticias5-300x17.jpg 300w, http:\/\/www.portalmantena.com.br\/novo\/wp-content\/uploads\/2018\/05\/faixaportalnoticias5-696x40.jpg 696w\" sizes=\"(max-width: 700px) 100vw, 700px\" \/><\/a><\/p>\n<p><span style=\"font-size: 10pt;\">ESPA\u00c7O EMPRESARIAL<\/span><a href=\"http:\/\/www.portalmantena.com.br\/novo\/?p=39696\"><img src=\"http:\/\/www.portalmantena.com.br\/novo\/wp-content\/uploads\/2018\/11\/uni051118p.jpg\" \/><\/a><\/p>\n","protected":false},"excerpt":{"rendered":"<p>Nesta sexta-feira dia 16 de Novembro, ser\u00e1 PONTO FACULTATIVO em Mantena, decretado pela Prefeitura Municipal. Dia subsequente ao feriado desta quinta-feira dia 15 de Novembro, Feriado Nacional da Proclama\u00e7\u00e3o da Rep\u00fablica. Desta forma, n\u00e3o haver\u00e1 expediente nas reparti\u00e7\u00f5es p\u00fablicas municipais e autarquias nesta quinta e sexta-feira (dias 15 e 16 de Novembro), com exce\u00e7\u00e3o dos [&hellip;]<\/p>\n","protected":false},"author":1,"featured_media":0,"comment_status":"open","ping_status":"open","sticky":false,"template":"","format":"standard","meta":[],"categories":[24],"tags":[],"_links":{"self":[{"href":"http:\/\/www.portalmantena.com.br\/novo\/index.php?rest_route=\/wp\/v2\/posts\/40117"}],"collection":[{"href":"http:\/\/www.portalmantena.com.br\/novo\/index.php?rest_route=\/wp\/v2\/posts"}],"about":[{"href":"http:\/\/www.portalmantena.com.br\/novo\/index.php?rest_route=\/wp\/v2\/types\/post"}],"author":[{"embeddable":true,"href":"http:\/\/www.portalmantena.com.br\/novo\/index.php?rest_route=\/wp\/v2\/users\/1"}],"replies":[{"embeddable":true,"href":"http:\/\/www.portalmantena.com.br\/novo\/index.php?rest_route=%2Fwp%2Fv2%2Fcomments&post=40117"}],"version-history":[{"count":3,"href":"http:\/\/www.portalmantena.com.br\/novo\/index.php?rest_route=\/wp\/v2\/posts\/40117\/revisions"}],"predecessor-version":[{"id":40120,"href":"http:\/\/www.portalmantena.com.br\/novo\/index.php?rest_route=\/wp\/v2\/posts\/40117\/revisions\/40120"}],"wp:attachment":[{"href":"http:\/\/www.portalmantena.com.br\/novo\/index.php?rest_route=%2Fwp%2Fv2%2Fmedia&parent=40117"}],"wp:term":[{"taxonomy":"category","embeddable":true,"href":"http:\/\/www.portalmantena.com.br\/novo\/index.php?rest_route=%2Fwp%2Fv2%2Fcategories&post=40117"},{"taxonomy":"post_tag","embeddable":true,"href":"http:\/\/www.portalmantena.com.br\/novo\/index.php?rest_route=%2Fwp%2Fv2%2Ftags&post=40117"}],"curies":[{"name":"wp","href":"https:\/\/api.w.org\/{rel}","templated":true}]}}